{"id":23908,"date":"2022-07-24T17:59:51","date_gmt":"2022-07-24T15:59:51","guid":{"rendered":"https:\/\/blogs.elcomercio.es\/reflexiones-de-belarmino\/?p=23908"},"modified":"2022-07-24T17:59:51","modified_gmt":"2022-07-24T15:59:51","slug":"orban-la-guerra-no-sera-ganada-por-ucrania-y-durara-hasta-2024","status":"publish","type":"post","link":"https:\/\/blogs.elcomercio.es\/reflexiones-de-belarmino\/2022\/07\/24\/orban-la-guerra-no-sera-ganada-por-ucrania-y-durara-hasta-2024\/","title":{"rendered":"\u00a1\u00a1\u00a1\u00a1\u00a1ORBAN.- &#8221; LA GUERRA NO SER\u00c1 GANADA POR UCRANIA Y DURAR\u00c1 HASTA 2024 &#8220;!!!!"},"content":{"rendered":"<p><b>Las palabras anteriores tienen una significado por ser pronunciadas por el principal apoyo en la Uni\u00f3n Europea de Vladimir Putin, Viktor\u00a0Orb\u00e1n, presidente de Hungr\u00eda.. Su s\u00edntesis: UCRANIA NO GANARA LA GUERRA Y ESTA CONTINUAR\u00c1 HASTA LAS ELECCIONES\u00a0DE EE.UU EN 2024.<\/b><\/p>\n<!-- AddThis Advanced Settings generic via filter on the_content --><!-- AddThis Share Buttons generic via filter on the_content -->","protected":false},"excerpt":{"rendered":"<p>Las palabras anteriores tienen una significado por ser pronunciadas por el principal apoyo en la Uni\u00f3n Europea de Vladimir Putin, Viktor\u00a0Orb\u00e1n, presidente de Hungr\u00eda.. Su s\u00edntesis: UCRANIA NO GANARA LA GUERRA Y ESTA CONTINUAR\u00c1 HASTA LAS ELECCIONES\u00a0DE EE.UU EN 2024.<!-- AddThis Advanced Settings generic via filter on get_the_excerpt --><!-- AddThis Share Buttons generic via filter on get_the_excerpt --><\/p>\n","protected":false},"author":16,"featured_media":0,"comment_status":"open","ping_status":"closed","sticky":false,"template":"","format":"standard","meta":[],"categories":[1],"tags":[],"_links":{"self":[{"href":"https:\/\/blogs.elcomercio.es\/reflexiones-de-belarmino\/wp-json\/wp\/v2\/posts\/23908"}],"collection":[{"href":"https:\/\/blogs.elcomercio.es\/reflexiones-de-belarmino\/wp-json\/wp\/v2\/posts"}],"about":[{"href":"https:\/\/blogs.elcomercio.es\/reflexiones-de-belarmino\/wp-json\/wp\/v2\/types\/post"}],"author":[{"embeddable":true,"href":"https:\/\/blogs.elcomercio.es\/reflexiones-de-belarmino\/wp-json\/wp\/v2\/users\/16"}],"replies":[{"embeddable":true,"href":"https:\/\/blogs.elcomercio.es\/reflexiones-de-belarmino\/wp-json\/wp\/v2\/comments?post=23908"}],"version-history":[{"count":1,"href":"https:\/\/blogs.elcomercio.es\/reflexiones-de-belarmino\/wp-json\/wp\/v2\/posts\/23908\/revisions"}],"predecessor-version":[{"id":23909,"href":"https:\/\/blogs.elcomercio.es\/reflexiones-de-belarmino\/wp-json\/wp\/v2\/posts\/23908\/revisions\/23909"}],"wp:attachment":[{"href":"https:\/\/blogs.elcomercio.es\/reflexiones-de-belarmino\/wp-json\/wp\/v2\/media?parent=23908"}],"wp:term":[{"taxonomy":"category","embeddable":true,"href":"https:\/\/blogs.elcomercio.es\/reflexiones-de-belarmino\/wp-json\/wp\/v2\/categories?post=23908"},{"taxonomy":"post_tag","embeddable":true,"href":"https:\/\/blogs.elcomercio.es\/reflexiones-de-belarmino\/wp-json\/wp\/v2\/tags?post=23908"}],"curies":[{"name":"wp","href":"https:\/\/api.w.org\/{rel}","templated":true}]}}