{"id":23947,"date":"2022-07-27T10:31:44","date_gmt":"2022-07-27T08:31:44","guid":{"rendered":"https:\/\/blogs.elcomercio.es\/reflexiones-de-belarmino\/?p=23947"},"modified":"2022-07-27T10:31:44","modified_gmt":"2022-07-27T08:31:44","slug":"mike-spence-el-hombre-que-puede-parar-a-trump-que-reaparecion-aun-mas-agresivo-ayer-en-washington","status":"publish","type":"post","link":"https:\/\/blogs.elcomercio.es\/reflexiones-de-belarmino\/2022\/07\/27\/mike-spence-el-hombre-que-puede-parar-a-trump-que-reaparecion-aun-mas-agresivo-ayer-en-washington\/","title":{"rendered":"\u00a1\u00a1\u00a1\u00a1\u00a1\u00a1\u00a1MIKE SPENCE EL HOMBRE QUE PUEDE PARAR A TRUMP, QUE REAPARECI\u00d3N A\u00daN M\u00c1S AGRESIVO AYER EN WASHINGTON !!!"},"content":{"rendered":"<p><b>Por supuesto no aguant\u00f3 m\u00e1s, y Donald\u00a0Trump despu\u00e9s de que en las comparecencias en el Congreso donde confirmaron su intento de no entregar el poder constitucionalmente\u00a0y de intentar dar un Golpe de Estado, ayer irrumpi\u00f3 a su estilo en Washington. Mismas palabras, mismas amenazas ante una reuni\u00f3n con su gente de todo el pais.<\/b><\/p>\n<p><b>Si es una barbaridad, por el ser el principio de algo, lo que Biden y Putin iniciaron, s\u00f3lo nos faltar\u00eda la llegada de Trump.<\/b><\/p>\n<p><b>Biden est\u00e1 en m\u00ednimos con el apoyo de 3 de cada 10 norteamericanos, por ello hay que fijarnos en un hombre que se neg\u00f3 a apoyar a Trump, y que fue\u00a0su Vicepresidente Mike\u00a0Spence, el mismo que,finalmente llam\u00f3 a la Guardia Nacional para parar la toma de El Capitolio desobedeciendo al Presidente del pa\u00eds, su jefe.<\/b><\/p>\n<p><strong>Hoy, los norteamericanos est\u00e1n atentos al &#8220;tete a tete&#8221; entre ambos, que apoyan candidatos diferentes al mismo Estado, por ello en noviembre habr\u00e1 un indicativo de la fuerza entre ambos.<\/strong><\/p>\n<p><b>Con una recesi\u00f3n en el medio para 2023, BIden sabe que el PUEBLO NORTEAMERICANO NUNCA HA VOTADO CONTRA SU PRESIDENTE CUANDO EST\u00c1N\u00a0EN GUERRA. De ah\u00ed el intento de Biden, donde ha ca\u00eddo\u00a0Europa, de mantener la guerra hasta el 2024.<\/b><\/p>\n<p><strong>Un triunfo de Mike Spence alejar\u00eda a TRump del poder.<\/strong><\/p>\n<p>&nbsp;<\/p>\n<!-- AddThis Advanced Settings generic via filter on the_content --><!-- AddThis Share Buttons generic via filter on the_content -->","protected":false},"excerpt":{"rendered":"<p>Por supuesto no aguant\u00f3 m\u00e1s, y Donald\u00a0Trump despu\u00e9s de que en las comparecencias en el Congreso donde confirmaron su intento de no entregar el poder constitucionalmente\u00a0y de intentar dar un Golpe de Estado, ayer irrumpi\u00f3 a su estilo en Washington. Mismas palabras, mismas amenazas ante una reuni\u00f3n con su gente de todo el pais. Si [&hellip;]<!-- AddThis Advanced Settings generic via filter on get_the_excerpt --><!-- AddThis Share Buttons generic via filter on get_the_excerpt --><\/p>\n","protected":false},"author":16,"featured_media":0,"comment_status":"open","ping_status":"closed","sticky":false,"template":"","format":"standard","meta":[],"categories":[1],"tags":[],"_links":{"self":[{"href":"https:\/\/blogs.elcomercio.es\/reflexiones-de-belarmino\/wp-json\/wp\/v2\/posts\/23947"}],"collection":[{"href":"https:\/\/blogs.elcomercio.es\/reflexiones-de-belarmino\/wp-json\/wp\/v2\/posts"}],"about":[{"href":"https:\/\/blogs.elcomercio.es\/reflexiones-de-belarmino\/wp-json\/wp\/v2\/types\/post"}],"author":[{"embeddable":true,"href":"https:\/\/blogs.elcomercio.es\/reflexiones-de-belarmino\/wp-json\/wp\/v2\/users\/16"}],"replies":[{"embeddable":true,"href":"https:\/\/blogs.elcomercio.es\/reflexiones-de-belarmino\/wp-json\/wp\/v2\/comments?post=23947"}],"version-history":[{"count":1,"href":"https:\/\/blogs.elcomercio.es\/reflexiones-de-belarmino\/wp-json\/wp\/v2\/posts\/23947\/revisions"}],"predecessor-version":[{"id":23948,"href":"https:\/\/blogs.elcomercio.es\/reflexiones-de-belarmino\/wp-json\/wp\/v2\/posts\/23947\/revisions\/23948"}],"wp:attachment":[{"href":"https:\/\/blogs.elcomercio.es\/reflexiones-de-belarmino\/wp-json\/wp\/v2\/media?parent=23947"}],"wp:term":[{"taxonomy":"category","embeddable":true,"href":"https:\/\/blogs.elcomercio.es\/reflexiones-de-belarmino\/wp-json\/wp\/v2\/categories?post=23947"},{"taxonomy":"post_tag","embeddable":true,"href":"https:\/\/blogs.elcomercio.es\/reflexiones-de-belarmino\/wp-json\/wp\/v2\/tags?post=23947"}],"curies":[{"name":"wp","href":"https:\/\/api.w.org\/{rel}","templated":true}]}}