{"id":23952,"date":"2022-07-27T11:13:33","date_gmt":"2022-07-27T09:13:33","guid":{"rendered":"https:\/\/blogs.elcomercio.es\/reflexiones-de-belarmino\/?p=23952"},"modified":"2022-07-27T11:13:43","modified_gmt":"2022-07-27T09:13:43","slug":"la-gran-oportunidad-de-europa-tras-ser-involucrada-por-los-ee-uu","status":"publish","type":"post","link":"https:\/\/blogs.elcomercio.es\/reflexiones-de-belarmino\/2022\/07\/27\/la-gran-oportunidad-de-europa-tras-ser-involucrada-por-los-ee-uu\/","title":{"rendered":"\u00a1\u00a1\u00a1\u00a1\u00a1LA GRAN OPORTUNIDAD DE EUROPA TRAS SER INVOLUCRADA POR LOS EE.UU !!"},"content":{"rendered":"<p><b>Es diferente el an\u00e1lisis de las medidas tomadas desde los Estados Unidos, de un europeo a un &#8220;tercermundista&#8221;. Nosotros conocemos por que la hemos padecido en toda la historia de lo que son los norteamericanos y nuestro an\u00e1lisis, forzosamente\u00a0es diferente a un europeo.<\/b><\/p>\n<p><b>El tiempo lo dir\u00e1, pero mientras nosotros\u00a0consideramos que se abre una gran oportunidad a la Uni\u00f3n Europea tras este conflicto. El primero es que se va a consolidar, tras\u00a0 la salida del aliado natural de EE:UU, Reino Unido; definido el papel de Hungr\u00eda y Polonia; Europa se ver\u00e1 obligada a ser\u00a0 dependiente del gas ruso y poder diversificar su abastecimiento\u00a0en decenas de paises.El segundo es la unificaci\u00f3n de la Uni\u00f3n Europea, y la solidaridad, hoy por el ahorro energ\u00e9tico, ma\u00f1ana por otras causas.<\/b><\/p>\n<p><strong>Europa va a lograr tener una fortaleza militar que no ten\u00eda desde 1945, entre ellos, peligrosamente Alemania.<\/strong><\/p>\n<p><b>Somos tras los EE:UU, la zona de 600 millones con mayor PIB Mundial, por encima de China, en estos momentos, y ,sobre\u00a0todo debemos saber que ya no somos\u00a0el ombligo del mundo, que eso fu\u00e9 pasado, pero que hay futuro para nosotros, pero debemos ser respetados por EE:UU. China y, por supuesto Rusia.<\/b><\/p>\n<p><strong>\u00bf Habr\u00e1 imaginaci\u00f3n en la Europa, para aprovechar todas las ventajas que acumulamos ?<\/strong><\/p>\n<p>&nbsp;<\/p>\n<!-- AddThis Advanced Settings generic via filter on the_content --><!-- AddThis Share Buttons generic via filter on the_content -->","protected":false},"excerpt":{"rendered":"<p>Es diferente el an\u00e1lisis de las medidas tomadas desde los Estados Unidos, de un europeo a un &#8220;tercermundista&#8221;. Nosotros conocemos por que la hemos padecido en toda la historia de lo que son los norteamericanos y nuestro an\u00e1lisis, forzosamente\u00a0es diferente a un europeo. El tiempo lo dir\u00e1, pero mientras nosotros\u00a0consideramos que se abre una gran [&hellip;]<!-- AddThis Advanced Settings generic via filter on get_the_excerpt --><!-- AddThis Share Buttons generic via filter on get_the_excerpt --><\/p>\n","protected":false},"author":16,"featured_media":0,"comment_status":"open","ping_status":"closed","sticky":false,"template":"","format":"standard","meta":[],"categories":[1],"tags":[],"_links":{"self":[{"href":"https:\/\/blogs.elcomercio.es\/reflexiones-de-belarmino\/wp-json\/wp\/v2\/posts\/23952"}],"collection":[{"href":"https:\/\/blogs.elcomercio.es\/reflexiones-de-belarmino\/wp-json\/wp\/v2\/posts"}],"about":[{"href":"https:\/\/blogs.elcomercio.es\/reflexiones-de-belarmino\/wp-json\/wp\/v2\/types\/post"}],"author":[{"embeddable":true,"href":"https:\/\/blogs.elcomercio.es\/reflexiones-de-belarmino\/wp-json\/wp\/v2\/users\/16"}],"replies":[{"embeddable":true,"href":"https:\/\/blogs.elcomercio.es\/reflexiones-de-belarmino\/wp-json\/wp\/v2\/comments?post=23952"}],"version-history":[{"count":1,"href":"https:\/\/blogs.elcomercio.es\/reflexiones-de-belarmino\/wp-json\/wp\/v2\/posts\/23952\/revisions"}],"predecessor-version":[{"id":23953,"href":"https:\/\/blogs.elcomercio.es\/reflexiones-de-belarmino\/wp-json\/wp\/v2\/posts\/23952\/revisions\/23953"}],"wp:attachment":[{"href":"https:\/\/blogs.elcomercio.es\/reflexiones-de-belarmino\/wp-json\/wp\/v2\/media?parent=23952"}],"wp:term":[{"taxonomy":"category","embeddable":true,"href":"https:\/\/blogs.elcomercio.es\/reflexiones-de-belarmino\/wp-json\/wp\/v2\/categories?post=23952"},{"taxonomy":"post_tag","embeddable":true,"href":"https:\/\/blogs.elcomercio.es\/reflexiones-de-belarmino\/wp-json\/wp\/v2\/tags?post=23952"}],"curies":[{"name":"wp","href":"https:\/\/api.w.org\/{rel}","templated":true}]}}