{"id":23978,"date":"2022-07-28T09:54:23","date_gmt":"2022-07-28T07:54:23","guid":{"rendered":"https:\/\/blogs.elcomercio.es\/reflexiones-de-belarmino\/?p=23978"},"modified":"2022-07-28T09:54:23","modified_gmt":"2022-07-28T07:54:23","slug":"avances-en-espana-de-la-judicializacion-a-la-politica-en-cataluna","status":"publish","type":"post","link":"https:\/\/blogs.elcomercio.es\/reflexiones-de-belarmino\/2022\/07\/28\/avances-en-espana-de-la-judicializacion-a-la-politica-en-cataluna\/","title":{"rendered":"\u00a1\u00a1\u00a1\u00a1\u00a1 AVANCES EN ESPA\u00d1A: DE  LA JUDICIALIZACI\u00d3N ,A LA POL\u00cdTICA EN CATALU\u00d1A !!!"},"content":{"rendered":"<p><b>De nuevo, mas temprano que tarde afloran las verdades. Ayer, en la reuni\u00f3n en La Moncloa, entre representantes de los dos gobiernos, se materializ\u00f3 algo que se quiso ocultar: Del\u00a0desvar\u00edo\u00a0 de Puigdemont a la judicializaci\u00f3n de un conflicto pol\u00edtico\u00a0aplicado por Mariano Rajoy y materializado\u00a0por Soraya S\u00e1enz\u00a0de Santamar\u00eda que han reprobado hasta ex mandos de la Polic\u00eda\u00a0Nacional, que nos llev\u00f3\u00a0a la &#8220;sedici\u00f3n&#8221; y dem\u00e1s pronunciamientos del poder judicial, a la normalizaci\u00f3n pol\u00edtica de ayer, ha habido un avance considerable que un avance de la serenidad pol\u00edtica que Espa\u00f1a necesita\u00a0en estos momentos.<\/b><\/p>\n<p><strong>El Gobierno de Coalici\u00f3n ha dado un importante avance, lo mismo que los nacionalistas catalanes, y el reflejo de ello fueron las caras\u00a0 del ambos gobiernos ayer en Moncloa.<\/strong><\/p>\n<p><strong>La politica se cre\u00f3 para ello: para evitar los conflictos y las guerras.<\/strong><\/p>\n<!-- AddThis Advanced Settings generic via filter on the_content --><!-- AddThis Share Buttons generic via filter on the_content -->","protected":false},"excerpt":{"rendered":"<p>De nuevo, mas temprano que tarde afloran las verdades. Ayer, en la reuni\u00f3n en La Moncloa, entre representantes de los dos gobiernos, se materializ\u00f3 algo que se quiso ocultar: Del\u00a0desvar\u00edo\u00a0 de Puigdemont a la judicializaci\u00f3n de un conflicto pol\u00edtico\u00a0aplicado por Mariano Rajoy y materializado\u00a0por Soraya S\u00e1enz\u00a0de Santamar\u00eda que han reprobado hasta ex mandos de la [&hellip;]<!-- AddThis Advanced Settings generic via filter on get_the_excerpt --><!-- AddThis Share Buttons generic via filter on get_the_excerpt --><\/p>\n","protected":false},"author":16,"featured_media":0,"comment_status":"open","ping_status":"closed","sticky":false,"template":"","format":"standard","meta":[],"categories":[1],"tags":[],"_links":{"self":[{"href":"https:\/\/blogs.elcomercio.es\/reflexiones-de-belarmino\/wp-json\/wp\/v2\/posts\/23978"}],"collection":[{"href":"https:\/\/blogs.elcomercio.es\/reflexiones-de-belarmino\/wp-json\/wp\/v2\/posts"}],"about":[{"href":"https:\/\/blogs.elcomercio.es\/reflexiones-de-belarmino\/wp-json\/wp\/v2\/types\/post"}],"author":[{"embeddable":true,"href":"https:\/\/blogs.elcomercio.es\/reflexiones-de-belarmino\/wp-json\/wp\/v2\/users\/16"}],"replies":[{"embeddable":true,"href":"https:\/\/blogs.elcomercio.es\/reflexiones-de-belarmino\/wp-json\/wp\/v2\/comments?post=23978"}],"version-history":[{"count":1,"href":"https:\/\/blogs.elcomercio.es\/reflexiones-de-belarmino\/wp-json\/wp\/v2\/posts\/23978\/revisions"}],"predecessor-version":[{"id":23979,"href":"https:\/\/blogs.elcomercio.es\/reflexiones-de-belarmino\/wp-json\/wp\/v2\/posts\/23978\/revisions\/23979"}],"wp:attachment":[{"href":"https:\/\/blogs.elcomercio.es\/reflexiones-de-belarmino\/wp-json\/wp\/v2\/media?parent=23978"}],"wp:term":[{"taxonomy":"category","embeddable":true,"href":"https:\/\/blogs.elcomercio.es\/reflexiones-de-belarmino\/wp-json\/wp\/v2\/categories?post=23978"},{"taxonomy":"post_tag","embeddable":true,"href":"https:\/\/blogs.elcomercio.es\/reflexiones-de-belarmino\/wp-json\/wp\/v2\/tags?post=23978"}],"curies":[{"name":"wp","href":"https:\/\/api.w.org\/{rel}","templated":true}]}}