{"id":23988,"date":"2022-07-28T10:13:33","date_gmt":"2022-07-28T08:13:33","guid":{"rendered":"https:\/\/blogs.elcomercio.es\/reflexiones-de-belarmino\/?p=23988"},"modified":"2022-07-28T10:13:33","modified_gmt":"2022-07-28T08:13:33","slug":"el-mediterraneo-sube-5-grados-hasta-los-30-grados-lluvias-torrenciales-pueden-venir","status":"publish","type":"post","link":"https:\/\/blogs.elcomercio.es\/reflexiones-de-belarmino\/2022\/07\/28\/el-mediterraneo-sube-5-grados-hasta-los-30-grados-lluvias-torrenciales-pueden-venir\/","title":{"rendered":"\u00a1\u00a1\u00a1\u00a1\u00a1EL MEDITERR\u00c1NEO SUBE 5 GRADOS HASTA LOS 30 GRADOS. LLUVIAS TORRENCIALES PUEDEN VENIR !!!"},"content":{"rendered":"<p><b>El mar m\u00e1s caliente del mundo, lo sab\u00edamos\u00a0,es el Mediterr\u00e1neo\u00a0,Ayer alcanz\u00f3 los 30 Grados, 5 m\u00e1s que lo habitual. Ello ha llevado a los grandes incendios y se esperan lluvias\u00a0torrenciales<\/b><\/p>\n<!-- AddThis Advanced Settings generic via filter on the_content --><!-- AddThis Share Buttons generic via filter on the_content -->","protected":false},"excerpt":{"rendered":"<p>El mar m\u00e1s caliente del mundo, lo sab\u00edamos\u00a0,es el Mediterr\u00e1neo\u00a0,Ayer alcanz\u00f3 los 30 Grados, 5 m\u00e1s que lo habitual. Ello ha llevado a los grandes incendios y se esperan lluvias\u00a0torrenciales<!-- AddThis Advanced Settings generic via filter on get_the_excerpt --><!-- AddThis Share Buttons generic via filter on get_the_excerpt --><\/p>\n","protected":false},"author":16,"featured_media":0,"comment_status":"open","ping_status":"closed","sticky":false,"template":"","format":"standard","meta":[],"categories":[1],"tags":[],"_links":{"self":[{"href":"https:\/\/blogs.elcomercio.es\/reflexiones-de-belarmino\/wp-json\/wp\/v2\/posts\/23988"}],"collection":[{"href":"https:\/\/blogs.elcomercio.es\/reflexiones-de-belarmino\/wp-json\/wp\/v2\/posts"}],"about":[{"href":"https:\/\/blogs.elcomercio.es\/reflexiones-de-belarmino\/wp-json\/wp\/v2\/types\/post"}],"author":[{"embeddable":true,"href":"https:\/\/blogs.elcomercio.es\/reflexiones-de-belarmino\/wp-json\/wp\/v2\/users\/16"}],"replies":[{"embeddable":true,"href":"https:\/\/blogs.elcomercio.es\/reflexiones-de-belarmino\/wp-json\/wp\/v2\/comments?post=23988"}],"version-history":[{"count":1,"href":"https:\/\/blogs.elcomercio.es\/reflexiones-de-belarmino\/wp-json\/wp\/v2\/posts\/23988\/revisions"}],"predecessor-version":[{"id":23989,"href":"https:\/\/blogs.elcomercio.es\/reflexiones-de-belarmino\/wp-json\/wp\/v2\/posts\/23988\/revisions\/23989"}],"wp:attachment":[{"href":"https:\/\/blogs.elcomercio.es\/reflexiones-de-belarmino\/wp-json\/wp\/v2\/media?parent=23988"}],"wp:term":[{"taxonomy":"category","embeddable":true,"href":"https:\/\/blogs.elcomercio.es\/reflexiones-de-belarmino\/wp-json\/wp\/v2\/categories?post=23988"},{"taxonomy":"post_tag","embeddable":true,"href":"https:\/\/blogs.elcomercio.es\/reflexiones-de-belarmino\/wp-json\/wp\/v2\/tags?post=23988"}],"curies":[{"name":"wp","href":"https:\/\/api.w.org\/{rel}","templated":true}]}}