{"id":23992,"date":"2022-07-28T10:26:51","date_gmt":"2022-07-28T08:26:51","guid":{"rendered":"https:\/\/blogs.elcomercio.es\/reflexiones-de-belarmino\/?p=23992"},"modified":"2022-07-28T10:26:51","modified_gmt":"2022-07-28T08:26:51","slug":"ee-uu-sube-el-o-75-y-coloca-los-interes-en-2-5-para-enfriar-la-economia","status":"publish","type":"post","link":"https:\/\/blogs.elcomercio.es\/reflexiones-de-belarmino\/2022\/07\/28\/ee-uu-sube-el-o-75-y-coloca-los-interes-en-2-5-para-enfriar-la-economia\/","title":{"rendered":"\u00a1\u00a1\u00a1\u00a1EE.UU. SUBE EL O.75 Y COLOCA LOS INTER\u00c9S EN 2.5% PARA ENFRIAR LA ECONOM\u00cdA !!!"},"content":{"rendered":"<p><b>La\u00a0Reserva Federal de los Estados Unidos subi\u00f3 ayer un 0.75 la tasa de inter\u00e9s, la coloca a 2.5 %, para enfriar la econom\u00eda y luchas contra la\u00a0inflaci\u00f3n.<\/b><\/p>\n<!-- AddThis Advanced Settings generic via filter on the_content --><!-- AddThis Share Buttons generic via filter on the_content -->","protected":false},"excerpt":{"rendered":"<p>La\u00a0Reserva Federal de los Estados Unidos subi\u00f3 ayer un 0.75 la tasa de inter\u00e9s, la coloca a 2.5 %, para enfriar la econom\u00eda y luchas contra la\u00a0inflaci\u00f3n.<!-- AddThis Advanced Settings generic via filter on get_the_excerpt --><!-- AddThis Share Buttons generic via filter on get_the_excerpt --><\/p>\n","protected":false},"author":16,"featured_media":0,"comment_status":"open","ping_status":"closed","sticky":false,"template":"","format":"standard","meta":[],"categories":[1],"tags":[],"_links":{"self":[{"href":"https:\/\/blogs.elcomercio.es\/reflexiones-de-belarmino\/wp-json\/wp\/v2\/posts\/23992"}],"collection":[{"href":"https:\/\/blogs.elcomercio.es\/reflexiones-de-belarmino\/wp-json\/wp\/v2\/posts"}],"about":[{"href":"https:\/\/blogs.elcomercio.es\/reflexiones-de-belarmino\/wp-json\/wp\/v2\/types\/post"}],"author":[{"embeddable":true,"href":"https:\/\/blogs.elcomercio.es\/reflexiones-de-belarmino\/wp-json\/wp\/v2\/users\/16"}],"replies":[{"embeddable":true,"href":"https:\/\/blogs.elcomercio.es\/reflexiones-de-belarmino\/wp-json\/wp\/v2\/comments?post=23992"}],"version-history":[{"count":1,"href":"https:\/\/blogs.elcomercio.es\/reflexiones-de-belarmino\/wp-json\/wp\/v2\/posts\/23992\/revisions"}],"predecessor-version":[{"id":23993,"href":"https:\/\/blogs.elcomercio.es\/reflexiones-de-belarmino\/wp-json\/wp\/v2\/posts\/23992\/revisions\/23993"}],"wp:attachment":[{"href":"https:\/\/blogs.elcomercio.es\/reflexiones-de-belarmino\/wp-json\/wp\/v2\/media?parent=23992"}],"wp:term":[{"taxonomy":"category","embeddable":true,"href":"https:\/\/blogs.elcomercio.es\/reflexiones-de-belarmino\/wp-json\/wp\/v2\/categories?post=23992"},{"taxonomy":"post_tag","embeddable":true,"href":"https:\/\/blogs.elcomercio.es\/reflexiones-de-belarmino\/wp-json\/wp\/v2\/tags?post=23992"}],"curies":[{"name":"wp","href":"https:\/\/api.w.org\/{rel}","templated":true}]}}