{"id":23994,"date":"2022-07-28T10:34:20","date_gmt":"2022-07-28T08:34:20","guid":{"rendered":"https:\/\/blogs.elcomercio.es\/reflexiones-de-belarmino\/?p=23994"},"modified":"2022-07-28T10:34:20","modified_gmt":"2022-07-28T08:34:20","slug":"rusia-fortalece-militarmente-a-zaporiya-la-mayaor-central-nuclear-de-europa-para-conectarla-al-sistema-electrico-nacional","status":"publish","type":"post","link":"https:\/\/blogs.elcomercio.es\/reflexiones-de-belarmino\/2022\/07\/28\/rusia-fortalece-militarmente-a-zaporiya-la-mayaor-central-nuclear-de-europa-para-conectarla-al-sistema-electrico-nacional\/","title":{"rendered":"\u00a1\u00a1\u00a1\u00a1\u00a1RUSIA, FORTALECE MILITARMENTE A ZAPORIYA, LA MAYAOR CENTRAL NUCLEAR DE EUROPA PARA CONECTARLA AL SISTEMA EL\u00c9CTRICO NACIONAL !!!"},"content":{"rendered":"<p><b>Rusia deja claro sus objetivos. Ayer ,fortaleci\u00f3 militarmente a Zaporiyia, la ciudad donde est\u00e1\u00a0ubicada\u00a0la mayor central nuclear de Europa, para conectarla al sistema\u00a0nacional el\u00e9ctrico\u00a0ruso, y adem\u00e1s tom\u00f3 la central\u00a0termoel\u00e9ctrica\u00a0de\u00a0Sejet Lodarsk en Donetsk.<\/b><\/p>\n<!-- AddThis Advanced Settings generic via filter on the_content --><!-- AddThis Share Buttons generic via filter on the_content -->","protected":false},"excerpt":{"rendered":"<p>Rusia deja claro sus objetivos. Ayer ,fortaleci\u00f3 militarmente a Zaporiyia, la ciudad donde est\u00e1\u00a0ubicada\u00a0la mayor central nuclear de Europa, para conectarla al sistema\u00a0nacional el\u00e9ctrico\u00a0ruso, y adem\u00e1s tom\u00f3 la central\u00a0termoel\u00e9ctrica\u00a0de\u00a0Sejet Lodarsk en Donetsk.<!-- AddThis Advanced Settings generic via filter on get_the_excerpt --><!-- AddThis Share Buttons generic via filter on get_the_excerpt --><\/p>\n","protected":false},"author":16,"featured_media":0,"comment_status":"open","ping_status":"closed","sticky":false,"template":"","format":"standard","meta":[],"categories":[1],"tags":[],"_links":{"self":[{"href":"https:\/\/blogs.elcomercio.es\/reflexiones-de-belarmino\/wp-json\/wp\/v2\/posts\/23994"}],"collection":[{"href":"https:\/\/blogs.elcomercio.es\/reflexiones-de-belarmino\/wp-json\/wp\/v2\/posts"}],"about":[{"href":"https:\/\/blogs.elcomercio.es\/reflexiones-de-belarmino\/wp-json\/wp\/v2\/types\/post"}],"author":[{"embeddable":true,"href":"https:\/\/blogs.elcomercio.es\/reflexiones-de-belarmino\/wp-json\/wp\/v2\/users\/16"}],"replies":[{"embeddable":true,"href":"https:\/\/blogs.elcomercio.es\/reflexiones-de-belarmino\/wp-json\/wp\/v2\/comments?post=23994"}],"version-history":[{"count":1,"href":"https:\/\/blogs.elcomercio.es\/reflexiones-de-belarmino\/wp-json\/wp\/v2\/posts\/23994\/revisions"}],"predecessor-version":[{"id":23995,"href":"https:\/\/blogs.elcomercio.es\/reflexiones-de-belarmino\/wp-json\/wp\/v2\/posts\/23994\/revisions\/23995"}],"wp:attachment":[{"href":"https:\/\/blogs.elcomercio.es\/reflexiones-de-belarmino\/wp-json\/wp\/v2\/media?parent=23994"}],"wp:term":[{"taxonomy":"category","embeddable":true,"href":"https:\/\/blogs.elcomercio.es\/reflexiones-de-belarmino\/wp-json\/wp\/v2\/categories?post=23994"},{"taxonomy":"post_tag","embeddable":true,"href":"https:\/\/blogs.elcomercio.es\/reflexiones-de-belarmino\/wp-json\/wp\/v2\/tags?post=23994"}],"curies":[{"name":"wp","href":"https:\/\/api.w.org\/{rel}","templated":true}]}}