{"id":23998,"date":"2022-07-28T11:52:20","date_gmt":"2022-07-28T09:52:20","guid":{"rendered":"https:\/\/blogs.elcomercio.es\/reflexiones-de-belarmino\/?p=23998"},"modified":"2022-07-28T11:52:20","modified_gmt":"2022-07-28T09:52:20","slug":"en-el-presupuesto-nacional-historico-para-2023-asturias-recibira-tambien-historico-3429-millones-de-euros","status":"publish","type":"post","link":"https:\/\/blogs.elcomercio.es\/reflexiones-de-belarmino\/2022\/07\/28\/en-el-presupuesto-nacional-historico-para-2023-asturias-recibira-tambien-historico-3429-millones-de-euros\/","title":{"rendered":"\u00a1\u00a1\u00a1EN EL PRESUPUESTO NACIONAL HIST\u00d3RICO PARA 2023, ASTURIAS RECIBIR\u00c1, TAMBI\u00c9N HISTORICO, 3,429 MILLONES DE EUROS !!!"},"content":{"rendered":"<p><b>No basta con atacar a un &#8220;tal&#8221; Pedro S\u00e1nchez\u00a0para acabar con el Gobierno de Coalici\u00f3n, ni los continuos\u00a0ataques para dividirlos. Hecho son hechos. Este Gobierno ya tiene Presupuestos hist\u00f3ricos para 2023, est\u00e1n m\u00e1s unidos de los que muchos piensan, en el Gobierno y con los independentistas, tienen\u00a0la Moncloa, y el BOE.<\/b><\/p>\n<p><strong>Ahora a sus enemigos s\u00f3lo les basta con QUE LOS TIRE EL PUEBLO&#8230;..nada menos.<\/strong><\/p>\n<p><b>Nos felicitamos por Asturias, y su hist\u00f3rico\u00a0presupuesto de 3,429 millones de euros.<\/b><\/p>\n<p>&nbsp;<\/p>\n<!-- AddThis Advanced Settings generic via filter on the_content --><!-- AddThis Share Buttons generic via filter on the_content -->","protected":false},"excerpt":{"rendered":"<p>No basta con atacar a un &#8220;tal&#8221; Pedro S\u00e1nchez\u00a0para acabar con el Gobierno de Coalici\u00f3n, ni los continuos\u00a0ataques para dividirlos. Hecho son hechos. Este Gobierno ya tiene Presupuestos hist\u00f3ricos para 2023, est\u00e1n m\u00e1s unidos de los que muchos piensan, en el Gobierno y con los independentistas, tienen\u00a0la Moncloa, y el BOE. Ahora a sus enemigos [&hellip;]<!-- AddThis Advanced Settings generic via filter on get_the_excerpt --><!-- AddThis Share Buttons generic via filter on get_the_excerpt --><\/p>\n","protected":false},"author":16,"featured_media":0,"comment_status":"open","ping_status":"closed","sticky":false,"template":"","format":"standard","meta":[],"categories":[1],"tags":[],"_links":{"self":[{"href":"https:\/\/blogs.elcomercio.es\/reflexiones-de-belarmino\/wp-json\/wp\/v2\/posts\/23998"}],"collection":[{"href":"https:\/\/blogs.elcomercio.es\/reflexiones-de-belarmino\/wp-json\/wp\/v2\/posts"}],"about":[{"href":"https:\/\/blogs.elcomercio.es\/reflexiones-de-belarmino\/wp-json\/wp\/v2\/types\/post"}],"author":[{"embeddable":true,"href":"https:\/\/blogs.elcomercio.es\/reflexiones-de-belarmino\/wp-json\/wp\/v2\/users\/16"}],"replies":[{"embeddable":true,"href":"https:\/\/blogs.elcomercio.es\/reflexiones-de-belarmino\/wp-json\/wp\/v2\/comments?post=23998"}],"version-history":[{"count":1,"href":"https:\/\/blogs.elcomercio.es\/reflexiones-de-belarmino\/wp-json\/wp\/v2\/posts\/23998\/revisions"}],"predecessor-version":[{"id":23999,"href":"https:\/\/blogs.elcomercio.es\/reflexiones-de-belarmino\/wp-json\/wp\/v2\/posts\/23998\/revisions\/23999"}],"wp:attachment":[{"href":"https:\/\/blogs.elcomercio.es\/reflexiones-de-belarmino\/wp-json\/wp\/v2\/media?parent=23998"}],"wp:term":[{"taxonomy":"category","embeddable":true,"href":"https:\/\/blogs.elcomercio.es\/reflexiones-de-belarmino\/wp-json\/wp\/v2\/categories?post=23998"},{"taxonomy":"post_tag","embeddable":true,"href":"https:\/\/blogs.elcomercio.es\/reflexiones-de-belarmino\/wp-json\/wp\/v2\/tags?post=23998"}],"curies":[{"name":"wp","href":"https:\/\/api.w.org\/{rel}","templated":true}]}}