{"id":24014,"date":"2022-07-28T19:18:18","date_gmt":"2022-07-28T17:18:18","guid":{"rendered":"https:\/\/blogs.elcomercio.es\/reflexiones-de-belarmino\/?p=24014"},"modified":"2022-07-28T19:18:18","modified_gmt":"2022-07-28T17:18:18","slug":"me-ofrezco-a-gobernar-contigo-si-dejas-a-esa-chusmaautor-le-dice-feijooo-a-pedro-sanchez","status":"publish","type":"post","link":"https:\/\/blogs.elcomercio.es\/reflexiones-de-belarmino\/2022\/07\/28\/me-ofrezco-a-gobernar-contigo-si-dejas-a-esa-chusmaautor-le-dice-feijooo-a-pedro-sanchez\/","title":{"rendered":"\u00a1\u00a1\u00a1ME OFREZCO A GOBERNAR CONTIGO SI DEJAS A ESA &#8220;CHUSMA&#8221;(autor) LE DICE FEIJ\u00d3OO A PEDRO S\u00c1NCHEZ!!!"},"content":{"rendered":"<p><b>Desesperado,\u00a0 hoy cambio de t\u00e1ctica,\u00a0 Nu\u00f1ez Feij\u00f3o. Ya no se trata de tirar al &#8220;tal&#8221; S\u00e1nchez, sino que, sabiendo que nunca lo va a lograr antes del 2024, ahora le ofrece su alianza\u00a0si acaba con el gobierno de coalici\u00f3n( la &#8220;chusma&#8221; del autor, es como lo perciben en la derecha ).<\/b><\/p>\n<p><b>Se lo dice el d\u00eda que el paro\u00a0baj\u00f3 hasta niveles del 2008, y hubo 600,000 contratos indefinidos gracias a la Reforma Laboral de Yolanda D\u00edaz.<\/b><\/p>\n<p><b>Dif\u00edcil\u00a0camino, bueno no peor que el que le espera a Joe Biden.<\/b><\/p>\n<p>&nbsp;<\/p>\n<!-- AddThis Advanced Settings generic via filter on the_content --><!-- AddThis Share Buttons generic via filter on the_content -->","protected":false},"excerpt":{"rendered":"<p>Desesperado,\u00a0 hoy cambio de t\u00e1ctica,\u00a0 Nu\u00f1ez Feij\u00f3o. Ya no se trata de tirar al &#8220;tal&#8221; S\u00e1nchez, sino que, sabiendo que nunca lo va a lograr antes del 2024, ahora le ofrece su alianza\u00a0si acaba con el gobierno de coalici\u00f3n( la &#8220;chusma&#8221; del autor, es como lo perciben en la derecha ). Se lo dice el [&hellip;]<!-- AddThis Advanced Settings generic via filter on get_the_excerpt --><!-- AddThis Share Buttons generic via filter on get_the_excerpt --><\/p>\n","protected":false},"author":16,"featured_media":0,"comment_status":"open","ping_status":"closed","sticky":false,"template":"","format":"standard","meta":[],"categories":[1],"tags":[],"_links":{"self":[{"href":"https:\/\/blogs.elcomercio.es\/reflexiones-de-belarmino\/wp-json\/wp\/v2\/posts\/24014"}],"collection":[{"href":"https:\/\/blogs.elcomercio.es\/reflexiones-de-belarmino\/wp-json\/wp\/v2\/posts"}],"about":[{"href":"https:\/\/blogs.elcomercio.es\/reflexiones-de-belarmino\/wp-json\/wp\/v2\/types\/post"}],"author":[{"embeddable":true,"href":"https:\/\/blogs.elcomercio.es\/reflexiones-de-belarmino\/wp-json\/wp\/v2\/users\/16"}],"replies":[{"embeddable":true,"href":"https:\/\/blogs.elcomercio.es\/reflexiones-de-belarmino\/wp-json\/wp\/v2\/comments?post=24014"}],"version-history":[{"count":1,"href":"https:\/\/blogs.elcomercio.es\/reflexiones-de-belarmino\/wp-json\/wp\/v2\/posts\/24014\/revisions"}],"predecessor-version":[{"id":24015,"href":"https:\/\/blogs.elcomercio.es\/reflexiones-de-belarmino\/wp-json\/wp\/v2\/posts\/24014\/revisions\/24015"}],"wp:attachment":[{"href":"https:\/\/blogs.elcomercio.es\/reflexiones-de-belarmino\/wp-json\/wp\/v2\/media?parent=24014"}],"wp:term":[{"taxonomy":"category","embeddable":true,"href":"https:\/\/blogs.elcomercio.es\/reflexiones-de-belarmino\/wp-json\/wp\/v2\/categories?post=24014"},{"taxonomy":"post_tag","embeddable":true,"href":"https:\/\/blogs.elcomercio.es\/reflexiones-de-belarmino\/wp-json\/wp\/v2\/tags?post=24014"}],"curies":[{"name":"wp","href":"https:\/\/api.w.org\/{rel}","templated":true}]}}