{"id":24017,"date":"2022-07-28T19:37:53","date_gmt":"2022-07-28T17:37:53","guid":{"rendered":"https:\/\/blogs.elcomercio.es\/reflexiones-de-belarmino\/?p=24017"},"modified":"2022-07-28T19:37:53","modified_gmt":"2022-07-28T17:37:53","slug":"tras-el-desayuno-de-las-8-33-a-las-10-50-hswashington-hablaron-biden-y-xi-jinping","status":"publish","type":"post","link":"https:\/\/blogs.elcomercio.es\/reflexiones-de-belarmino\/2022\/07\/28\/tras-el-desayuno-de-las-8-33-a-las-10-50-hswashington-hablaron-biden-y-xi-jinping\/","title":{"rendered":"\u00a1\u00a1\u00a1\u00a1TRAS EL DESAYUNO, DE LAS 8.33 A LAS 10.50 HS(WASHINGTON) HABLARON BIDEN Y XI JINPING!!! !!!"},"content":{"rendered":"<p><b>Hoy, tras el desayuno en la Casa Blanca, el presidente de los Estados Unidos de Am\u00e9rica Joe Biden y el Presidente de la Rep\u00fablica\u00a0Popular China, hablaron por tel\u00e9fono, m\u00e1s de 2 horas.No se sabe de que hablaron, pero en la mesa de los pendientes entre ambos l\u00edderes, est\u00e1n el conflicto de Ucrania, los aranceles de EE:UU. a los productos chinos y lA ANUNCIADA VISITA DE LA PRESIDENTA DEL CONGRESO Y N\u00daMERO\u00a03 DEL PAISS, NANCY PELOSI\u00a0 A TAIW\u00c1N.<\/b><\/p>\n<p><strong>Es la sexta conversaci\u00f3n entre ambos desde que Biden lleg\u00f3 a la Presidencia.<\/strong><\/p>\n<!-- AddThis Advanced Settings generic via filter on the_content --><!-- AddThis Share Buttons generic via filter on the_content -->","protected":false},"excerpt":{"rendered":"<p>Hoy, tras el desayuno en la Casa Blanca, el presidente de los Estados Unidos de Am\u00e9rica Joe Biden y el Presidente de la Rep\u00fablica\u00a0Popular China, hablaron por tel\u00e9fono, m\u00e1s de 2 horas.No se sabe de que hablaron, pero en la mesa de los pendientes entre ambos l\u00edderes, est\u00e1n el conflicto de Ucrania, los aranceles de [&hellip;]<!-- AddThis Advanced Settings generic via filter on get_the_excerpt --><!-- AddThis Share Buttons generic via filter on get_the_excerpt --><\/p>\n","protected":false},"author":16,"featured_media":0,"comment_status":"open","ping_status":"closed","sticky":false,"template":"","format":"standard","meta":[],"categories":[1],"tags":[],"_links":{"self":[{"href":"https:\/\/blogs.elcomercio.es\/reflexiones-de-belarmino\/wp-json\/wp\/v2\/posts\/24017"}],"collection":[{"href":"https:\/\/blogs.elcomercio.es\/reflexiones-de-belarmino\/wp-json\/wp\/v2\/posts"}],"about":[{"href":"https:\/\/blogs.elcomercio.es\/reflexiones-de-belarmino\/wp-json\/wp\/v2\/types\/post"}],"author":[{"embeddable":true,"href":"https:\/\/blogs.elcomercio.es\/reflexiones-de-belarmino\/wp-json\/wp\/v2\/users\/16"}],"replies":[{"embeddable":true,"href":"https:\/\/blogs.elcomercio.es\/reflexiones-de-belarmino\/wp-json\/wp\/v2\/comments?post=24017"}],"version-history":[{"count":1,"href":"https:\/\/blogs.elcomercio.es\/reflexiones-de-belarmino\/wp-json\/wp\/v2\/posts\/24017\/revisions"}],"predecessor-version":[{"id":24018,"href":"https:\/\/blogs.elcomercio.es\/reflexiones-de-belarmino\/wp-json\/wp\/v2\/posts\/24017\/revisions\/24018"}],"wp:attachment":[{"href":"https:\/\/blogs.elcomercio.es\/reflexiones-de-belarmino\/wp-json\/wp\/v2\/media?parent=24017"}],"wp:term":[{"taxonomy":"category","embeddable":true,"href":"https:\/\/blogs.elcomercio.es\/reflexiones-de-belarmino\/wp-json\/wp\/v2\/categories?post=24017"},{"taxonomy":"post_tag","embeddable":true,"href":"https:\/\/blogs.elcomercio.es\/reflexiones-de-belarmino\/wp-json\/wp\/v2\/tags?post=24017"}],"curies":[{"name":"wp","href":"https:\/\/api.w.org\/{rel}","templated":true}]}}