{"id":24022,"date":"2022-07-29T11:28:38","date_gmt":"2022-07-29T09:28:38","guid":{"rendered":"https:\/\/blogs.elcomercio.es\/reflexiones-de-belarmino\/?p=24022"},"modified":"2022-07-29T11:28:38","modified_gmt":"2022-07-29T09:28:38","slug":"la-inflacion-sube-a-nivel-de-hace-38-anos-10-8","status":"publish","type":"post","link":"https:\/\/blogs.elcomercio.es\/reflexiones-de-belarmino\/2022\/07\/29\/la-inflacion-sube-a-nivel-de-hace-38-anos-10-8\/","title":{"rendered":"\u00a1\u00a1\u00a1\u00a1\u00a1\u00a1 LA INFLACI\u00d3N SUBE A NIVEL DE HACE 38 A\u00d1OS: 10. 8 %!!!!"},"content":{"rendered":"<p><strong>Golpe seco en plena temporada tur\u00edstica. La inflaci\u00f3n ayer lleg\u00f3 en Espa\u00f1a a 10.8 %, la mayor desde hace 38 a\u00f1os.<\/strong><\/p>\n<p><strong>La econom\u00eda sube en 1.6 %.<\/strong><\/p>\n<!-- AddThis Advanced Settings generic via filter on the_content --><!-- AddThis Share Buttons generic via filter on the_content -->","protected":false},"excerpt":{"rendered":"<p>Golpe seco en plena temporada tur\u00edstica. La inflaci\u00f3n ayer lleg\u00f3 en Espa\u00f1a a 10.8 %, la mayor desde hace 38 a\u00f1os. La econom\u00eda sube en 1.6 %.<!-- AddThis Advanced Settings generic via filter on get_the_excerpt --><!-- AddThis Share Buttons generic via filter on get_the_excerpt --><\/p>\n","protected":false},"author":16,"featured_media":0,"comment_status":"open","ping_status":"closed","sticky":false,"template":"","format":"standard","meta":[],"categories":[1],"tags":[],"_links":{"self":[{"href":"https:\/\/blogs.elcomercio.es\/reflexiones-de-belarmino\/wp-json\/wp\/v2\/posts\/24022"}],"collection":[{"href":"https:\/\/blogs.elcomercio.es\/reflexiones-de-belarmino\/wp-json\/wp\/v2\/posts"}],"about":[{"href":"https:\/\/blogs.elcomercio.es\/reflexiones-de-belarmino\/wp-json\/wp\/v2\/types\/post"}],"author":[{"embeddable":true,"href":"https:\/\/blogs.elcomercio.es\/reflexiones-de-belarmino\/wp-json\/wp\/v2\/users\/16"}],"replies":[{"embeddable":true,"href":"https:\/\/blogs.elcomercio.es\/reflexiones-de-belarmino\/wp-json\/wp\/v2\/comments?post=24022"}],"version-history":[{"count":1,"href":"https:\/\/blogs.elcomercio.es\/reflexiones-de-belarmino\/wp-json\/wp\/v2\/posts\/24022\/revisions"}],"predecessor-version":[{"id":24023,"href":"https:\/\/blogs.elcomercio.es\/reflexiones-de-belarmino\/wp-json\/wp\/v2\/posts\/24022\/revisions\/24023"}],"wp:attachment":[{"href":"https:\/\/blogs.elcomercio.es\/reflexiones-de-belarmino\/wp-json\/wp\/v2\/media?parent=24022"}],"wp:term":[{"taxonomy":"category","embeddable":true,"href":"https:\/\/blogs.elcomercio.es\/reflexiones-de-belarmino\/wp-json\/wp\/v2\/categories?post=24022"},{"taxonomy":"post_tag","embeddable":true,"href":"https:\/\/blogs.elcomercio.es\/reflexiones-de-belarmino\/wp-json\/wp\/v2\/tags?post=24022"}],"curies":[{"name":"wp","href":"https:\/\/api.w.org\/{rel}","templated":true}]}}