{"id":24042,"date":"2022-07-29T17:30:46","date_gmt":"2022-07-29T15:30:46","guid":{"rendered":"https:\/\/blogs.elcomercio.es\/reflexiones-de-belarmino\/?p=24042"},"modified":"2022-07-29T17:30:46","modified_gmt":"2022-07-29T15:30:46","slug":"de-aquellos-queridos-viejos-del-cafe-madrid-al-postgrado-en-gijon-65-anos-mas-tarde","status":"publish","type":"post","link":"https:\/\/blogs.elcomercio.es\/reflexiones-de-belarmino\/2022\/07\/29\/de-aquellos-queridos-viejos-del-cafe-madrid-al-postgrado-en-gijon-65-anos-mas-tarde\/","title":{"rendered":"\u00a1\u00a1\u00a1DE AQUELLOS QUERIDOS VIEJOS DEL CAF\u00c9 MADRID AL POSTGRADO EN GIJ\u00d3N, 65 A\u00d1OS M\u00c1S TARDE !!!"},"content":{"rendered":"<p><b>Pura, nuestra\u00a0madre, nos cosi\u00f3\u00a0los uniformes de las Juventudes Socialistas a Carlos y\u00a0 a m\u00ed, all\u00e1\u00a0por 1952.El contacto con todos aquellos hombres curtidos por la defensa de la II Rep\u00fablica, fue un gran aprendizaje. Las tardes a los 15 a\u00f1os con ellos en la Caf\u00e9 Madrid, donde, con una taza de caf\u00e9, estaban media ma\u00f1ana o media tarde, discutiendo acaloradamente, entre el humo de los cigarrillos, quien hab\u00eda ganado\u00a0la Batalla del Ebro, y luego aprendiendo de ellos socialistas,comunistas, anarquistas, tantas\u00a0veces los acompa\u00f1\u00e9 al Cementerio Espa\u00f1ol en el barrio\u00a0de Tacuba, muchas veces enterrados con el \u00fanico traje que ten\u00edan sin un peso pero con el Carnet del Partido o del Sindicato, la \u00fanica herencia a sus hijos&#8230;&#8230;, M\u00c1S\u00a0SU VIDA.<\/b><\/p>\n<p><b>Cuarenta a\u00f1os de militancia, como mexicano, fundi\u00e9ndose\u00a0con los descendientes de Ju\u00e1rez, de Zapata,fue la gran experiencia vital.<\/b><\/p>\n<p><b>Nadie me iba a decir que a los 82 a\u00f1os, de las 3 a las 5 de la tarde en Gij\u00f3n, en el ordenador prestado de los Apartamentos, escuchando la mayor parte de las 900 Ma\u00f1aneras del presidente que surgi\u00f3 del proceso en que entregu\u00e9 mi vida, para mis hijas la herencia de la Cuarta Transformaci\u00f3n, recibir la informaci\u00f3n de aquel luchador social, conocido y respetado, 15 a\u00f1os m\u00e1s joven que yo, sobre todo lo que era, hab\u00eda\u00a0sido y est\u00e1\u00a0siendo el pa\u00eds donde nac\u00ed, iba a dotarme, de ese c\u00famulo\u00a0de informaci\u00f3n, al grado de que\u00a0 haber HECHO, para mi, UN DIPLOMADO.<\/b><\/p>\n<p><b>Nunca nadie\u00a0me hab\u00eda\u00a0aportado tanta informaci\u00f3n y tanta ilusi\u00f3n del pa\u00eds y del proyecto que FUE MI HERENCIA a mis hijas y nietos.<\/b><\/p>\n<p><b>Pero es que gracias a internet nos hemos diplomado millones de campesinos, obreros, j\u00f3venes, amas de casa, que en el \u00faltimo rinc\u00f3n del pa\u00eds este hombre, seguimos las Ma\u00f1aneras, y que ayer supimos, por ejemplo, c\u00f3mo\u00a0responde cada semana, el gobierno a feminicidios, asesinatos\u00a0de periodistas, carteles, crimen organizado.Hay mucha violencia, pero &#8220;El que la hace la apaga&#8221;.<\/b><\/p>\n<p><b>Felipe Calder\u00f3n ganaba mas que George Bush, y los magistrados\u00a0mexicanos mas que el Ministro de Justicia de los Estados\u00a0UNidos, a los que compraban las grandes trasnacionales, o como hoy se firm\u00f3 hace una hora el Decreto para resolver de cuajo la falta de agua en Nuevo Le\u00f3n, o como el presidente sal\u00eda, para que no se le fuese el avi\u00f3n comercial que lo est\u00e1 llevando ahora a Tabasco, al sureste, donde m\u00e1s tarde y el fin de semana todos sabremos\u00a0 las obras del Tren Maya y las 35,000 piezas de los mayas que se encontraron en las obras en la Pen\u00ednsula\u00a0que enriquecer\u00e1 el Museo de Antropolog\u00eda.<\/b><\/p>\n<p><b>70 a\u00f1os de enriquecimiento\u00a0de los republicanos espa\u00f1oles en M\u00e9xico, del activismo,la organizaci\u00f3n de un partido, el ser Diputado\u00a0Federal haber gobernado Iztacalco, del mismo tama\u00f1o que Asturias pero en Ciudad de M\u00e9xico, y luego la serenidad, el estudio, el crecimiento interno ,el escribir blogs como estos, en la serenidad del Cant\u00e1brico, me han llevado\u00a0 a tener una vejez tan feliz, que a veces me pregunto, si\u00a0 me la merezco.<\/b><\/p>\n<p><b>Todas las ma\u00f1anas, al amanecer me asom\u00f3 a la ventana de mi apartamento,la abro recibo el fresco y los trinos de las ma\u00f1anas y volte\u00f3 a la alfombra del jard\u00edn enorme, bien cuidado, donde entiendo que alg\u00fan d\u00eda estar\u00e1 debajo, pero, mientras, al fondo el verde de la Capa Torres, de l Parque de El Lauredal, me indican que HOY, ESTOY VIVO&#8230;&#8230;y empiezo&#8230;.<\/b><\/p>\n<p>&nbsp;<\/p>\n<p>&nbsp;<\/p>\n<p>&nbsp;<\/p>\n<!-- AddThis Advanced Settings generic via filter on the_content --><!-- AddThis Share Buttons generic via filter on the_content -->","protected":false},"excerpt":{"rendered":"<p>Pura, nuestra\u00a0madre, nos cosi\u00f3\u00a0los uniformes de las Juventudes Socialistas a Carlos y\u00a0 a m\u00ed, all\u00e1\u00a0por 1952.El contacto con todos aquellos hombres curtidos por la defensa de la II Rep\u00fablica, fue un gran aprendizaje. Las tardes a los 15 a\u00f1os con ellos en la Caf\u00e9 Madrid, donde, con una taza de caf\u00e9, estaban media ma\u00f1ana o [&hellip;]<!-- AddThis Advanced Settings generic via filter on get_the_excerpt --><!-- AddThis Share Buttons generic via filter on get_the_excerpt --><\/p>\n","protected":false},"author":16,"featured_media":0,"comment_status":"open","ping_status":"closed","sticky":false,"template":"","format":"standard","meta":[],"categories":[1],"tags":[],"_links":{"self":[{"href":"https:\/\/blogs.elcomercio.es\/reflexiones-de-belarmino\/wp-json\/wp\/v2\/posts\/24042"}],"collection":[{"href":"https:\/\/blogs.elcomercio.es\/reflexiones-de-belarmino\/wp-json\/wp\/v2\/posts"}],"about":[{"href":"https:\/\/blogs.elcomercio.es\/reflexiones-de-belarmino\/wp-json\/wp\/v2\/types\/post"}],"author":[{"embeddable":true,"href":"https:\/\/blogs.elcomercio.es\/reflexiones-de-belarmino\/wp-json\/wp\/v2\/users\/16"}],"replies":[{"embeddable":true,"href":"https:\/\/blogs.elcomercio.es\/reflexiones-de-belarmino\/wp-json\/wp\/v2\/comments?post=24042"}],"version-history":[{"count":2,"href":"https:\/\/blogs.elcomercio.es\/reflexiones-de-belarmino\/wp-json\/wp\/v2\/posts\/24042\/revisions"}],"predecessor-version":[{"id":24044,"href":"https:\/\/blogs.elcomercio.es\/reflexiones-de-belarmino\/wp-json\/wp\/v2\/posts\/24042\/revisions\/24044"}],"wp:attachment":[{"href":"https:\/\/blogs.elcomercio.es\/reflexiones-de-belarmino\/wp-json\/wp\/v2\/media?parent=24042"}],"wp:term":[{"taxonomy":"category","embeddable":true,"href":"https:\/\/blogs.elcomercio.es\/reflexiones-de-belarmino\/wp-json\/wp\/v2\/categories?post=24042"},{"taxonomy":"post_tag","embeddable":true,"href":"https:\/\/blogs.elcomercio.es\/reflexiones-de-belarmino\/wp-json\/wp\/v2\/tags?post=24042"}],"curies":[{"name":"wp","href":"https:\/\/api.w.org\/{rel}","templated":true}]}}