{"id":24045,"date":"2022-07-30T11:08:28","date_gmt":"2022-07-30T09:08:28","guid":{"rendered":"https:\/\/blogs.elcomercio.es\/reflexiones-de-belarmino\/?p=24045"},"modified":"2022-07-30T11:08:28","modified_gmt":"2022-07-30T09:08:28","slug":"pierde-la-amzonia-brasilena-4000-kms-de-arboles-mientras-bolsonaro-aprueba-la-pavimentacion-de-la-carretera-que-la-cruza","status":"publish","type":"post","link":"https:\/\/blogs.elcomercio.es\/reflexiones-de-belarmino\/2022\/07\/30\/pierde-la-amzonia-brasilena-4000-kms-de-arboles-mientras-bolsonaro-aprueba-la-pavimentacion-de-la-carretera-que-la-cruza\/","title":{"rendered":"\u00a1\u00a1\u00a1\u00a1\u00a1PIERDE LA AMZONIA BRASILE\u00d1A 4,000 KMS DE ARBOLES, MIENTRAS BOLSONARO APRUEBA LA PAVIMENTACI\u00d3N DE LA CARRETERA QUE LA CRUZA !!!!"},"content":{"rendered":"<p><b>Hay criminales y criminales. Los que atentan contra\u00a0el ser humano, y aquellos que atentan contra la naturaleza.Tal es el presidente del Brasil,\u00a0 que en sus \u00faltimos meses, que, en aras de los negocios, ha hecho PERDER EN EL PRIMER SEMESTRE DE 2029 4,000 kil\u00f3metros cuadrados de \u00e1rboles, llevando hasta la agon\u00eda la Amazonia Brasile\u00f1a.<\/b><\/p>\n<p><strong>No conforme acaba de autorizar la pavimentaci\u00f3n de una carretera que cruza toda la Amazonia en Brasil, con consecuencias desastrosas para el planeta.<\/strong><\/p>\n<p><b>Esas son las consecuencias de los antiecologistas, de los anti cambio\u00a0clim\u00e1tico, como Trump, Bolsonaro y la extrema derecha mundial, como Vox en Espa\u00f1a.<\/b><\/p>\n<p><b>Recuerda usted la frase de Mariano Rajoy: &#8221; MI PRIMO ME HA DICHO QUE ESO DEL CAMBIO CLIM\u00c1TICO\u00a0ES UN BULO &#8220;<\/b><\/p>\n<p>&nbsp;<\/p>\n<!-- AddThis Advanced Settings generic via filter on the_content --><!-- AddThis Share Buttons generic via filter on the_content -->","protected":false},"excerpt":{"rendered":"<p>Hay criminales y criminales. Los que atentan contra\u00a0el ser humano, y aquellos que atentan contra la naturaleza.Tal es el presidente del Brasil,\u00a0 que en sus \u00faltimos meses, que, en aras de los negocios, ha hecho PERDER EN EL PRIMER SEMESTRE DE 2029 4,000 kil\u00f3metros cuadrados de \u00e1rboles, llevando hasta la agon\u00eda la Amazonia Brasile\u00f1a. No [&hellip;]<!-- AddThis Advanced Settings generic via filter on get_the_excerpt --><!-- AddThis Share Buttons generic via filter on get_the_excerpt --><\/p>\n","protected":false},"author":16,"featured_media":0,"comment_status":"open","ping_status":"closed","sticky":false,"template":"","format":"standard","meta":[],"categories":[1],"tags":[],"_links":{"self":[{"href":"https:\/\/blogs.elcomercio.es\/reflexiones-de-belarmino\/wp-json\/wp\/v2\/posts\/24045"}],"collection":[{"href":"https:\/\/blogs.elcomercio.es\/reflexiones-de-belarmino\/wp-json\/wp\/v2\/posts"}],"about":[{"href":"https:\/\/blogs.elcomercio.es\/reflexiones-de-belarmino\/wp-json\/wp\/v2\/types\/post"}],"author":[{"embeddable":true,"href":"https:\/\/blogs.elcomercio.es\/reflexiones-de-belarmino\/wp-json\/wp\/v2\/users\/16"}],"replies":[{"embeddable":true,"href":"https:\/\/blogs.elcomercio.es\/reflexiones-de-belarmino\/wp-json\/wp\/v2\/comments?post=24045"}],"version-history":[{"count":1,"href":"https:\/\/blogs.elcomercio.es\/reflexiones-de-belarmino\/wp-json\/wp\/v2\/posts\/24045\/revisions"}],"predecessor-version":[{"id":24046,"href":"https:\/\/blogs.elcomercio.es\/reflexiones-de-belarmino\/wp-json\/wp\/v2\/posts\/24045\/revisions\/24046"}],"wp:attachment":[{"href":"https:\/\/blogs.elcomercio.es\/reflexiones-de-belarmino\/wp-json\/wp\/v2\/media?parent=24045"}],"wp:term":[{"taxonomy":"category","embeddable":true,"href":"https:\/\/blogs.elcomercio.es\/reflexiones-de-belarmino\/wp-json\/wp\/v2\/categories?post=24045"},{"taxonomy":"post_tag","embeddable":true,"href":"https:\/\/blogs.elcomercio.es\/reflexiones-de-belarmino\/wp-json\/wp\/v2\/tags?post=24045"}],"curies":[{"name":"wp","href":"https:\/\/api.w.org\/{rel}","templated":true}]}}