{"id":24047,"date":"2022-07-30T12:08:47","date_gmt":"2022-07-30T10:08:47","guid":{"rendered":"https:\/\/blogs.elcomercio.es\/reflexiones-de-belarmino\/?p=24047"},"modified":"2022-07-30T12:09:14","modified_gmt":"2022-07-30T10:09:14","slug":"ganancias-del-ibex-en-el-primer-semestre-31685-millones-de-euros","status":"publish","type":"post","link":"https:\/\/blogs.elcomercio.es\/reflexiones-de-belarmino\/2022\/07\/30\/ganancias-del-ibex-en-el-primer-semestre-31685-millones-de-euros\/","title":{"rendered":"\u00a1\u00a1GANANCIAS DEL IBEX EN EL PRIMER SEMESTRE 31,685 MILLONES DE EUROS. LA LUCHA REAL EN ESPA\u00d1A !!!"},"content":{"rendered":"<p><b>En Espa\u00f1a no hay enfrentamiento entre las dos Espa\u00f1as. Hay un lucha entre la mayor\u00eda que crea la riqueza y los que acumulan sus excedentes. Independientemente\u00a0de si no logramos la Reforma Religiosa, ni la Industrial, ni la LIberal, la realidad es que hay un enfrentamiento\u00a0hist\u00f3rico entre los que, aprovech\u00e1ndose\u00a0del sistema acumulan y acumulan y luego\u00a0especulan con sus ganancias y los que toda su vida vivir\u00e0n de su trabajo, adormecidos por el Estado del Bienestar.<\/b><\/p>\n<p><b>La primera vez que se desafi\u00f3 a los poderes facticos fu\u00e9 en 1931, con unas demandas del pueblo espa\u00f1ol, tan radicales que hoy casi nadie las aprobar\u00eda. Pero se hizo el esfuerzo y, por primera vez, en su historia aquel esfuerzo se mantuvo 5 a\u00f1os, hasta que no lo soportaron m\u00e1s y lo liquidaron de un Levantamiento el 18 de julio de 1936, aniversario de la Inviolabilidad del Papa en el Consejo Vaticano\u00a0I..<\/b><\/p>\n<p><b>Hoy aquellas fuerzas, en donde ha estado\u00a0siempre\u00a0al frente el Partido Socialista Obrero Esp\u00e0\u00f1ol y el Partido Comunista, mantienen la lucha contra los representantes del IBEX 35, de la Iglesia\u00a0Cat\u00f3lica, de los latifundistas.<\/b><\/p>\n<p><strong>Hoy el proceso es m\u00e1s sereno, m\u00e1s maduro. El primer paso, tras derribar a Rajoy por la corrupci\u00f3n de siempre del partido popular, y tener el gobierno, es 2024.<\/strong><\/p>\n<p><b>Si se logra ganar 2023 y 2024, Espa\u00f1a\u00a0iniciar\u00e1 un proceso m\u00e1s profundo\u00a0hacia la democracia Pol\u00edtica\u00a0y la Econ\u00f3mica y la corrupci\u00f3n..<\/b><\/p>\n<p><strong>Feij\u00f3o y la Vox, reman contra la corriente.<\/strong><\/p>\n<p><b>Pero el gobierno, la mayor\u00eda legislativa\u00a0y la social, La MOncloa, y los Presupuestos est\u00e1n manos de la Espa\u00f1a del futuro.<\/b><\/p>\n<p><strong>Habr\u00e1 que derribarla en las urnas, no con las descalificaciones de un Feij\u00f3o que cada d\u00eda se parece m\u00e1s a Casado y un Vox que ya toc\u00f3 techo.<\/strong><\/p>\n<!-- AddThis Advanced Settings generic via filter on the_content --><!-- AddThis Share Buttons generic via filter on the_content -->","protected":false},"excerpt":{"rendered":"<p>En Espa\u00f1a no hay enfrentamiento entre las dos Espa\u00f1as. Hay un lucha entre la mayor\u00eda que crea la riqueza y los que acumulan sus excedentes. Independientemente\u00a0de si no logramos la Reforma Religiosa, ni la Industrial, ni la LIberal, la realidad es que hay un enfrentamiento\u00a0hist\u00f3rico entre los que, aprovech\u00e1ndose\u00a0del sistema acumulan y acumulan y luego\u00a0especulan [&hellip;]<!-- AddThis Advanced Settings generic via filter on get_the_excerpt --><!-- AddThis Share Buttons generic via filter on get_the_excerpt --><\/p>\n","protected":false},"author":16,"featured_media":0,"comment_status":"open","ping_status":"closed","sticky":false,"template":"","format":"standard","meta":[],"categories":[1],"tags":[],"_links":{"self":[{"href":"https:\/\/blogs.elcomercio.es\/reflexiones-de-belarmino\/wp-json\/wp\/v2\/posts\/24047"}],"collection":[{"href":"https:\/\/blogs.elcomercio.es\/reflexiones-de-belarmino\/wp-json\/wp\/v2\/posts"}],"about":[{"href":"https:\/\/blogs.elcomercio.es\/reflexiones-de-belarmino\/wp-json\/wp\/v2\/types\/post"}],"author":[{"embeddable":true,"href":"https:\/\/blogs.elcomercio.es\/reflexiones-de-belarmino\/wp-json\/wp\/v2\/users\/16"}],"replies":[{"embeddable":true,"href":"https:\/\/blogs.elcomercio.es\/reflexiones-de-belarmino\/wp-json\/wp\/v2\/comments?post=24047"}],"version-history":[{"count":2,"href":"https:\/\/blogs.elcomercio.es\/reflexiones-de-belarmino\/wp-json\/wp\/v2\/posts\/24047\/revisions"}],"predecessor-version":[{"id":24049,"href":"https:\/\/blogs.elcomercio.es\/reflexiones-de-belarmino\/wp-json\/wp\/v2\/posts\/24047\/revisions\/24049"}],"wp:attachment":[{"href":"https:\/\/blogs.elcomercio.es\/reflexiones-de-belarmino\/wp-json\/wp\/v2\/media?parent=24047"}],"wp:term":[{"taxonomy":"category","embeddable":true,"href":"https:\/\/blogs.elcomercio.es\/reflexiones-de-belarmino\/wp-json\/wp\/v2\/categories?post=24047"},{"taxonomy":"post_tag","embeddable":true,"href":"https:\/\/blogs.elcomercio.es\/reflexiones-de-belarmino\/wp-json\/wp\/v2\/tags?post=24047"}],"curies":[{"name":"wp","href":"https:\/\/api.w.org\/{rel}","templated":true}]}}