{"id":24053,"date":"2022-07-30T13:11:03","date_gmt":"2022-07-30T11:11:03","guid":{"rendered":"https:\/\/blogs.elcomercio.es\/reflexiones-de-belarmino\/?p=24053"},"modified":"2022-07-30T13:11:03","modified_gmt":"2022-07-30T11:11:03","slug":"alerta-los-restos-del-satelite-chino-fracasado-puede-caer-entre-hoy-manana-en-el-sur-de-europa","status":"publish","type":"post","link":"https:\/\/blogs.elcomercio.es\/reflexiones-de-belarmino\/2022\/07\/30\/alerta-los-restos-del-satelite-chino-fracasado-puede-caer-entre-hoy-manana-en-el-sur-de-europa\/","title":{"rendered":"\u00a1\u00a1\u00a1ALERTA.- LOS RESTOS DEL SAT\u00c9LITE CHINO, FRACASADO, PUEDE CAER ENTRE HOY MA\u00d1ANA EN EL SUR DE EUROPA !!!"},"content":{"rendered":"<p><b>Fracas\u00f3 China en el lanzamiento de su cohete que llevaba al Long March 5-B, y cuyos restos\u00a0llegar\u00e1n entre hoy y ma\u00f1ana a la Tierra, donde se pronostica caiga en el sur de Europa.<\/b><\/p>\n<!-- AddThis Advanced Settings generic via filter on the_content --><!-- AddThis Share Buttons generic via filter on the_content -->","protected":false},"excerpt":{"rendered":"<p>Fracas\u00f3 China en el lanzamiento de su cohete que llevaba al Long March 5-B, y cuyos restos\u00a0llegar\u00e1n entre hoy y ma\u00f1ana a la Tierra, donde se pronostica caiga en el sur de Europa.<!-- AddThis Advanced Settings generic via filter on get_the_excerpt --><!-- AddThis Share Buttons generic via filter on get_the_excerpt --><\/p>\n","protected":false},"author":16,"featured_media":0,"comment_status":"open","ping_status":"closed","sticky":false,"template":"","format":"standard","meta":[],"categories":[1],"tags":[],"_links":{"self":[{"href":"https:\/\/blogs.elcomercio.es\/reflexiones-de-belarmino\/wp-json\/wp\/v2\/posts\/24053"}],"collection":[{"href":"https:\/\/blogs.elcomercio.es\/reflexiones-de-belarmino\/wp-json\/wp\/v2\/posts"}],"about":[{"href":"https:\/\/blogs.elcomercio.es\/reflexiones-de-belarmino\/wp-json\/wp\/v2\/types\/post"}],"author":[{"embeddable":true,"href":"https:\/\/blogs.elcomercio.es\/reflexiones-de-belarmino\/wp-json\/wp\/v2\/users\/16"}],"replies":[{"embeddable":true,"href":"https:\/\/blogs.elcomercio.es\/reflexiones-de-belarmino\/wp-json\/wp\/v2\/comments?post=24053"}],"version-history":[{"count":1,"href":"https:\/\/blogs.elcomercio.es\/reflexiones-de-belarmino\/wp-json\/wp\/v2\/posts\/24053\/revisions"}],"predecessor-version":[{"id":24054,"href":"https:\/\/blogs.elcomercio.es\/reflexiones-de-belarmino\/wp-json\/wp\/v2\/posts\/24053\/revisions\/24054"}],"wp:attachment":[{"href":"https:\/\/blogs.elcomercio.es\/reflexiones-de-belarmino\/wp-json\/wp\/v2\/media?parent=24053"}],"wp:term":[{"taxonomy":"category","embeddable":true,"href":"https:\/\/blogs.elcomercio.es\/reflexiones-de-belarmino\/wp-json\/wp\/v2\/categories?post=24053"},{"taxonomy":"post_tag","embeddable":true,"href":"https:\/\/blogs.elcomercio.es\/reflexiones-de-belarmino\/wp-json\/wp\/v2\/tags?post=24053"}],"curies":[{"name":"wp","href":"https:\/\/api.w.org\/{rel}","templated":true}]}}