{"id":24055,"date":"2022-07-30T13:36:06","date_gmt":"2022-07-30T11:36:06","guid":{"rendered":"https:\/\/blogs.elcomercio.es\/reflexiones-de-belarmino\/?p=24055"},"modified":"2022-07-30T13:36:06","modified_gmt":"2022-07-30T11:36:06","slug":"el-sporting-supera-la-barrera-de-15000-socios-en-menos-de-un-mes-va-por-los-20000","status":"publish","type":"post","link":"https:\/\/blogs.elcomercio.es\/reflexiones-de-belarmino\/2022\/07\/30\/el-sporting-supera-la-barrera-de-15000-socios-en-menos-de-un-mes-va-por-los-20000\/","title":{"rendered":"\u00a1\u00a1\u00a1\u00a1\u00a1EL SPORTING SUPERA LA BARRERA DE 15,000 SOCIOS EN MENOS DE UN MES. VA POR LOS 20,000 !!!"},"content":{"rendered":"<p><b>Este blog va a darle seguimiento al proceso del Sporting en esta nueva era.Mantenemos que ANTES DEL 2025 ESTAR\u00c1\u00a0EN PRIMERA DIVISI\u00d3N, antes que el Real Oviedo. No es una adivinanza, sino resultado de la observaci\u00f3n\u00a0de ambos clubes. Una cosa es estar sumergido en un proyecto ganador, s\u00f3lido, que ha sabido llegarle a la afici\u00f3n y la otra, entrar en una nueva etapa tras tirar El\u00edas\u00a0Ayub, la toalla, y presidir al Oviedo el Presidente del Pachuca, pero que no tiene nada que ver con Iraragorri .<\/b><\/p>\n<p><strong>Este \u00faltimo, un triunfador nato, con 51 a\u00f1os, con su esposa, y las ideas claras y el presidente del Pachuca y hoy del Oviedo con 65 a\u00f1os, no tienen comparaci\u00f3n y as\u00ed se ver\u00e1.<\/strong><\/p>\n<p><b>Por fin han empezado a llegar los refuerzos, se ha incorporado el capital necesario, hay una estructura organizativa seria y ayer mismo el due\u00f1o del Grupo Orlegi\u00a0ya se hab\u00eda reunido con los dirigentes del f\u00fatbol\u00a0espa\u00f1ol en Madrid, adelantando al apoyo el mundial en Espa\u00f1a y Portugal y ofreciendo a Gij\u00f3n como subsede.<\/b><\/p>\n<p><strong>En menos de un mes supera la barrera de 15,000 socios y se acerca al objetivo del 20,000<\/strong><\/p>\n<p><b>El presidente del Comit\u00e9 OL\u00edmpico\u00a0Espa\u00f1ol, Alejandro blanco dijo:&#8221; Lo vi animado.Es una persona que sabe de f\u00fatbol.Quiere hacer un desarrollo importante del Sporting QUE ES UNO DE LOS CLUBES M\u00c1S\u00a0QUERIDOS DE TODA ESPA\u00d1A, por su pasado, su historia\u00a0maravillosa y por su\u00a0apoyo a la cantera.&#8221;.<\/b><\/p>\n<p><b>Hoy tras tres partidos fuera de casa jugar\u00e1 contra el\u00a0Ponferradina, su primer encuentro en Mareo.<\/b><\/p>\n<p>&nbsp;<\/p>\n<p>&nbsp;<\/p>\n<!-- AddThis Advanced Settings generic via filter on the_content --><!-- AddThis Share Buttons generic via filter on the_content -->","protected":false},"excerpt":{"rendered":"<p>Este blog va a darle seguimiento al proceso del Sporting en esta nueva era.Mantenemos que ANTES DEL 2025 ESTAR\u00c1\u00a0EN PRIMERA DIVISI\u00d3N, antes que el Real Oviedo. No es una adivinanza, sino resultado de la observaci\u00f3n\u00a0de ambos clubes. Una cosa es estar sumergido en un proyecto ganador, s\u00f3lido, que ha sabido llegarle a la afici\u00f3n y [&hellip;]<!-- AddThis Advanced Settings generic via filter on get_the_excerpt --><!-- AddThis Share Buttons generic via filter on get_the_excerpt --><\/p>\n","protected":false},"author":16,"featured_media":0,"comment_status":"open","ping_status":"closed","sticky":false,"template":"","format":"standard","meta":[],"categories":[1],"tags":[],"_links":{"self":[{"href":"https:\/\/blogs.elcomercio.es\/reflexiones-de-belarmino\/wp-json\/wp\/v2\/posts\/24055"}],"collection":[{"href":"https:\/\/blogs.elcomercio.es\/reflexiones-de-belarmino\/wp-json\/wp\/v2\/posts"}],"about":[{"href":"https:\/\/blogs.elcomercio.es\/reflexiones-de-belarmino\/wp-json\/wp\/v2\/types\/post"}],"author":[{"embeddable":true,"href":"https:\/\/blogs.elcomercio.es\/reflexiones-de-belarmino\/wp-json\/wp\/v2\/users\/16"}],"replies":[{"embeddable":true,"href":"https:\/\/blogs.elcomercio.es\/reflexiones-de-belarmino\/wp-json\/wp\/v2\/comments?post=24055"}],"version-history":[{"count":1,"href":"https:\/\/blogs.elcomercio.es\/reflexiones-de-belarmino\/wp-json\/wp\/v2\/posts\/24055\/revisions"}],"predecessor-version":[{"id":24056,"href":"https:\/\/blogs.elcomercio.es\/reflexiones-de-belarmino\/wp-json\/wp\/v2\/posts\/24055\/revisions\/24056"}],"wp:attachment":[{"href":"https:\/\/blogs.elcomercio.es\/reflexiones-de-belarmino\/wp-json\/wp\/v2\/media?parent=24055"}],"wp:term":[{"taxonomy":"category","embeddable":true,"href":"https:\/\/blogs.elcomercio.es\/reflexiones-de-belarmino\/wp-json\/wp\/v2\/categories?post=24055"},{"taxonomy":"post_tag","embeddable":true,"href":"https:\/\/blogs.elcomercio.es\/reflexiones-de-belarmino\/wp-json\/wp\/v2\/tags?post=24055"}],"curies":[{"name":"wp","href":"https:\/\/api.w.org\/{rel}","templated":true}]}}