{"id":24059,"date":"2022-07-30T17:42:53","date_gmt":"2022-07-30T15:42:53","guid":{"rendered":"https:\/\/blogs.elcomercio.es\/reflexiones-de-belarmino\/?p=24059"},"modified":"2022-07-30T17:42:53","modified_gmt":"2022-07-30T15:42:53","slug":"primer-reto-para-el-sporting-el-13-de-agosto-en-miranda-del-ebrocontra-el-mirandes","status":"publish","type":"post","link":"https:\/\/blogs.elcomercio.es\/reflexiones-de-belarmino\/2022\/07\/30\/primer-reto-para-el-sporting-el-13-de-agosto-en-miranda-del-ebrocontra-el-mirandes\/","title":{"rendered":"\u00a1\u00a1\u00a1\u00a1\u00a1\u00a1\u00a1PRIMER RETO PARA EL SPORTING EL 13 DE AGOSTO EN MIRANDA DEL EBRO,CONTRA EL MIRAND\u00c9S !!!"},"content":{"rendered":"<p><b>El primer objetivo es derrotar\u00a0en su casa al\u00a0<\/b><b>Mirand\u00e9s el 13 de agosto.Adem\u00e1s del resultado fuera, hay que recordar que en la temporada anterior ellos quedaron mejor que el Sporting, en el 15 puesto y nosotros en el 20.<\/b><\/p>\n<p><b>Ya habr\u00e1 tiempo, para el primer cl\u00e1sico\u00a0\u00a0en Oviedo en diciembre.<\/b><\/p>\n<p><strong>Paso a paso&#8230;.<\/strong><\/p>\n<p><b>Con nuevo propietario, serio y ambicioso; con una estructura administrativa\u00a0y deportiva s\u00f3lida con quiz\u00e1s los 20,000 socios para aquel s\u00e1bado, una plantilla\u00a0fuerte, y con una ilusi\u00f3n por delante de Abelardo, todos sus\u00a0jugadores,y todos los socios, ganar el primer partido, ser\u00eda un buen principio.<\/b><\/p>\n<p><strong>Quedan 15 d\u00edas para cimentar todo lo iniciado.<\/strong><\/p>\n<p>&nbsp;<\/p>\n<!-- AddThis Advanced Settings generic via filter on the_content --><!-- AddThis Share Buttons generic via filter on the_content -->","protected":false},"excerpt":{"rendered":"<p>El primer objetivo es derrotar\u00a0en su casa al\u00a0Mirand\u00e9s el 13 de agosto.Adem\u00e1s del resultado fuera, hay que recordar que en la temporada anterior ellos quedaron mejor que el Sporting, en el 15 puesto y nosotros en el 20. Ya habr\u00e1 tiempo, para el primer cl\u00e1sico\u00a0\u00a0en Oviedo en diciembre. Paso a paso&#8230;. Con nuevo propietario, serio [&hellip;]<!-- AddThis Advanced Settings generic via filter on get_the_excerpt --><!-- AddThis Share Buttons generic via filter on get_the_excerpt --><\/p>\n","protected":false},"author":16,"featured_media":0,"comment_status":"open","ping_status":"closed","sticky":false,"template":"","format":"standard","meta":[],"categories":[1],"tags":[],"_links":{"self":[{"href":"https:\/\/blogs.elcomercio.es\/reflexiones-de-belarmino\/wp-json\/wp\/v2\/posts\/24059"}],"collection":[{"href":"https:\/\/blogs.elcomercio.es\/reflexiones-de-belarmino\/wp-json\/wp\/v2\/posts"}],"about":[{"href":"https:\/\/blogs.elcomercio.es\/reflexiones-de-belarmino\/wp-json\/wp\/v2\/types\/post"}],"author":[{"embeddable":true,"href":"https:\/\/blogs.elcomercio.es\/reflexiones-de-belarmino\/wp-json\/wp\/v2\/users\/16"}],"replies":[{"embeddable":true,"href":"https:\/\/blogs.elcomercio.es\/reflexiones-de-belarmino\/wp-json\/wp\/v2\/comments?post=24059"}],"version-history":[{"count":1,"href":"https:\/\/blogs.elcomercio.es\/reflexiones-de-belarmino\/wp-json\/wp\/v2\/posts\/24059\/revisions"}],"predecessor-version":[{"id":24060,"href":"https:\/\/blogs.elcomercio.es\/reflexiones-de-belarmino\/wp-json\/wp\/v2\/posts\/24059\/revisions\/24060"}],"wp:attachment":[{"href":"https:\/\/blogs.elcomercio.es\/reflexiones-de-belarmino\/wp-json\/wp\/v2\/media?parent=24059"}],"wp:term":[{"taxonomy":"category","embeddable":true,"href":"https:\/\/blogs.elcomercio.es\/reflexiones-de-belarmino\/wp-json\/wp\/v2\/categories?post=24059"},{"taxonomy":"post_tag","embeddable":true,"href":"https:\/\/blogs.elcomercio.es\/reflexiones-de-belarmino\/wp-json\/wp\/v2\/tags?post=24059"}],"curies":[{"name":"wp","href":"https:\/\/api.w.org\/{rel}","templated":true}]}}