{"id":24069,"date":"2022-07-30T18:54:45","date_gmt":"2022-07-30T16:54:45","guid":{"rendered":"https:\/\/blogs.elcomercio.es\/reflexiones-de-belarmino\/?p=24069"},"modified":"2022-07-30T18:55:01","modified_gmt":"2022-07-30T16:55:01","slug":"el-papa-francisco-abre-la-puerta-a-una-posible-renuncia-si-no-baja-ritmo","status":"publish","type":"post","link":"https:\/\/blogs.elcomercio.es\/reflexiones-de-belarmino\/2022\/07\/30\/el-papa-francisco-abre-la-puerta-a-una-posible-renuncia-si-no-baja-ritmo\/","title":{"rendered":"\u00a1\u00a1\u00a1\u00a1\u00a1EL PAPA FRANCISCO ABRE LA PUERTA A UNA POSIBLE RENUNCIA, SI NO BAJA RITMO !!!"},"content":{"rendered":"<p><b>En el avi\u00f3n que lo regresa de Canad\u00e1, cansado, ha dicho que no descarta la posibilidad\u00a0de renunciar sino baja la intensidad de su trabajo.<\/b><\/p>\n<p><strong>El 28 de agosto habr\u00e1 culminado una etapa fundamental. Habr\u00e1 dejado documentos de modernizaci\u00f3n de la Iglesia y tener nombrados casi al 70 % de los cardenales.<\/strong><\/p>\n<p><strong>\u00bfPara que esperar a morir, si has cumplido tu misi\u00f3n ?, creo que es lo que est\u00e1 detr\u00e1s de su comentario.<\/strong><\/p>\n<!-- AddThis Advanced Settings generic via filter on the_content --><!-- AddThis Share Buttons generic via filter on the_content -->","protected":false},"excerpt":{"rendered":"<p>En el avi\u00f3n que lo regresa de Canad\u00e1, cansado, ha dicho que no descarta la posibilidad\u00a0de renunciar sino baja la intensidad de su trabajo. El 28 de agosto habr\u00e1 culminado una etapa fundamental. Habr\u00e1 dejado documentos de modernizaci\u00f3n de la Iglesia y tener nombrados casi al 70 % de los cardenales. \u00bfPara que esperar a [&hellip;]<!-- AddThis Advanced Settings generic via filter on get_the_excerpt --><!-- AddThis Share Buttons generic via filter on get_the_excerpt --><\/p>\n","protected":false},"author":16,"featured_media":0,"comment_status":"open","ping_status":"closed","sticky":false,"template":"","format":"standard","meta":[],"categories":[1],"tags":[],"_links":{"self":[{"href":"https:\/\/blogs.elcomercio.es\/reflexiones-de-belarmino\/wp-json\/wp\/v2\/posts\/24069"}],"collection":[{"href":"https:\/\/blogs.elcomercio.es\/reflexiones-de-belarmino\/wp-json\/wp\/v2\/posts"}],"about":[{"href":"https:\/\/blogs.elcomercio.es\/reflexiones-de-belarmino\/wp-json\/wp\/v2\/types\/post"}],"author":[{"embeddable":true,"href":"https:\/\/blogs.elcomercio.es\/reflexiones-de-belarmino\/wp-json\/wp\/v2\/users\/16"}],"replies":[{"embeddable":true,"href":"https:\/\/blogs.elcomercio.es\/reflexiones-de-belarmino\/wp-json\/wp\/v2\/comments?post=24069"}],"version-history":[{"count":1,"href":"https:\/\/blogs.elcomercio.es\/reflexiones-de-belarmino\/wp-json\/wp\/v2\/posts\/24069\/revisions"}],"predecessor-version":[{"id":24070,"href":"https:\/\/blogs.elcomercio.es\/reflexiones-de-belarmino\/wp-json\/wp\/v2\/posts\/24069\/revisions\/24070"}],"wp:attachment":[{"href":"https:\/\/blogs.elcomercio.es\/reflexiones-de-belarmino\/wp-json\/wp\/v2\/media?parent=24069"}],"wp:term":[{"taxonomy":"category","embeddable":true,"href":"https:\/\/blogs.elcomercio.es\/reflexiones-de-belarmino\/wp-json\/wp\/v2\/categories?post=24069"},{"taxonomy":"post_tag","embeddable":true,"href":"https:\/\/blogs.elcomercio.es\/reflexiones-de-belarmino\/wp-json\/wp\/v2\/tags?post=24069"}],"curies":[{"name":"wp","href":"https:\/\/api.w.org\/{rel}","templated":true}]}}