{"id":24071,"date":"2022-07-31T09:37:09","date_gmt":"2022-07-31T07:37:09","guid":{"rendered":"https:\/\/blogs.elcomercio.es\/reflexiones-de-belarmino\/?p=24071"},"modified":"2022-07-31T09:37:09","modified_gmt":"2022-07-31T07:37:09","slug":"todavia-esta-por-impactar-el-satelite-chino-de-25-toneladas-que-tras-el-fracaso-se-dirige-a-la-tierra-y-se-espera-llegue-hoy","status":"publish","type":"post","link":"https:\/\/blogs.elcomercio.es\/reflexiones-de-belarmino\/2022\/07\/31\/todavia-esta-por-impactar-el-satelite-chino-de-25-toneladas-que-tras-el-fracaso-se-dirige-a-la-tierra-y-se-espera-llegue-hoy\/","title":{"rendered":"\u00a1\u00a1\u00a1TODAV\u00cdA EST\u00c1 POR IMPACTAR EL SAT\u00c9LITE CHINO DE 25 TONELADAS, QUE TRAS EL FRACASO, SE DIRIGE A LA TIERRA Y SE ESPERA LLEGUE HOY !!!!"},"content":{"rendered":"<p><b>Los restos del sat\u00e9lite chino Long March 5B, que fracas\u00f3 en su intento de ponerse en \u00f3rbita, viene hacia la tierra con sus 25 toneladas de peso. Se esperaba\u00a0que llegase ayer o hoy, pero ayer no toc\u00f3 tierra. Dado que en una de las zonas donde puede caer es el sur de Europa, hoy domingo, no se asuste si observa algo extra\u00f1o que de no caer en el mar puede causar da\u00f1os<\/b><\/p>\n<!-- AddThis Advanced Settings generic via filter on the_content --><!-- AddThis Share Buttons generic via filter on the_content -->","protected":false},"excerpt":{"rendered":"<p>Los restos del sat\u00e9lite chino Long March 5B, que fracas\u00f3 en su intento de ponerse en \u00f3rbita, viene hacia la tierra con sus 25 toneladas de peso. Se esperaba\u00a0que llegase ayer o hoy, pero ayer no toc\u00f3 tierra. Dado que en una de las zonas donde puede caer es el sur de Europa, hoy domingo, [&hellip;]<!-- AddThis Advanced Settings generic via filter on get_the_excerpt --><!-- AddThis Share Buttons generic via filter on get_the_excerpt --><\/p>\n","protected":false},"author":16,"featured_media":0,"comment_status":"open","ping_status":"closed","sticky":false,"template":"","format":"standard","meta":[],"categories":[1],"tags":[],"_links":{"self":[{"href":"https:\/\/blogs.elcomercio.es\/reflexiones-de-belarmino\/wp-json\/wp\/v2\/posts\/24071"}],"collection":[{"href":"https:\/\/blogs.elcomercio.es\/reflexiones-de-belarmino\/wp-json\/wp\/v2\/posts"}],"about":[{"href":"https:\/\/blogs.elcomercio.es\/reflexiones-de-belarmino\/wp-json\/wp\/v2\/types\/post"}],"author":[{"embeddable":true,"href":"https:\/\/blogs.elcomercio.es\/reflexiones-de-belarmino\/wp-json\/wp\/v2\/users\/16"}],"replies":[{"embeddable":true,"href":"https:\/\/blogs.elcomercio.es\/reflexiones-de-belarmino\/wp-json\/wp\/v2\/comments?post=24071"}],"version-history":[{"count":1,"href":"https:\/\/blogs.elcomercio.es\/reflexiones-de-belarmino\/wp-json\/wp\/v2\/posts\/24071\/revisions"}],"predecessor-version":[{"id":24072,"href":"https:\/\/blogs.elcomercio.es\/reflexiones-de-belarmino\/wp-json\/wp\/v2\/posts\/24071\/revisions\/24072"}],"wp:attachment":[{"href":"https:\/\/blogs.elcomercio.es\/reflexiones-de-belarmino\/wp-json\/wp\/v2\/media?parent=24071"}],"wp:term":[{"taxonomy":"category","embeddable":true,"href":"https:\/\/blogs.elcomercio.es\/reflexiones-de-belarmino\/wp-json\/wp\/v2\/categories?post=24071"},{"taxonomy":"post_tag","embeddable":true,"href":"https:\/\/blogs.elcomercio.es\/reflexiones-de-belarmino\/wp-json\/wp\/v2\/tags?post=24071"}],"curies":[{"name":"wp","href":"https:\/\/api.w.org\/{rel}","templated":true}]}}