{"id":24073,"date":"2022-07-31T09:48:24","date_gmt":"2022-07-31T07:48:24","guid":{"rendered":"https:\/\/blogs.elcomercio.es\/reflexiones-de-belarmino\/?p=24073"},"modified":"2022-07-31T09:48:24","modified_gmt":"2022-07-31T07:48:24","slug":"pakistan-iran-ee-uu-ejemplo-de-las-torrenciales-lluvias-que-se-esperan-en-europa","status":"publish","type":"post","link":"https:\/\/blogs.elcomercio.es\/reflexiones-de-belarmino\/2022\/07\/31\/pakistan-iran-ee-uu-ejemplo-de-las-torrenciales-lluvias-que-se-esperan-en-europa\/","title":{"rendered":"\u00a1\u00a1\u00a1\u00a1PAKISTAN, IR\u00c1N, EE.UU. EJEMPLO DE LAS TORRENCIALES LLUVIAS QUE SE ESPERAN EN EUROPA !!!"},"content":{"rendered":"<p><b>Estamos llevando al l\u00edmite a nuestro planeta. Cada d\u00eda repetimos&#8221; nunca\u00a0hab\u00eda\u00a0sucedido desde que hay registros hist\u00f3ricos&#8221;, ya sea en el calor, en las lluvias, en los tornados, en los incendios, en los tifones..<\/b><\/p>\n<p><b>Claro estamos llevando al l\u00edmite a la Tierra.Este verano y los calores, las tormentas desatadas ayer en Ir\u00e1n, Afganist\u00e1n como en los Estados Unidos, son avisos del calor y las lluvias torrenciales\u00a0que se esperan en Europ\u00e0.<\/b><\/p>\n<p><b>No se habla\u00a0pero ,\u00bf en el mar m\u00e1s caliente del mundo, el\u00a0<\/b><b>Mediterr\u00e1neo, a 30 grados posiblemente est\u00e9n en riesgo no s\u00f3lo especies sino\u00a0 sistemas que rompan las cadenas de la alimentaci\u00f3n.<\/b><\/p>\n<p><b>MIentras\u00a0ello pasa, ninguna de las potencias del mundo, ni ninguna organizaci\u00f3n mundial emprende acciones determinantes. Lo que les interesa en este momento, son los enfrentamientos, las guerras, las \u00e1reas\u00a0de dominio de toda la historia, sin saber el horizonte\u00a0que cuanddo nos demos cuenta puede ser irreversible.<\/b><\/p>\n<p><b>Los mismos que dijeron por siglos que la tierra era plana, ahora niegan el Cambio\u00a0Clim\u00e1tico.<\/b><\/p>\n<p>&nbsp;<\/p>\n<!-- AddThis Advanced Settings generic via filter on the_content --><!-- AddThis Share Buttons generic via filter on the_content -->","protected":false},"excerpt":{"rendered":"<p>Estamos llevando al l\u00edmite a nuestro planeta. Cada d\u00eda repetimos&#8221; nunca\u00a0hab\u00eda\u00a0sucedido desde que hay registros hist\u00f3ricos&#8221;, ya sea en el calor, en las lluvias, en los tornados, en los incendios, en los tifones.. Claro estamos llevando al l\u00edmite a la Tierra.Este verano y los calores, las tormentas desatadas ayer en Ir\u00e1n, Afganist\u00e1n como en los [&hellip;]<!-- AddThis Advanced Settings generic via filter on get_the_excerpt --><!-- AddThis Share Buttons generic via filter on get_the_excerpt --><\/p>\n","protected":false},"author":16,"featured_media":0,"comment_status":"open","ping_status":"closed","sticky":false,"template":"","format":"standard","meta":[],"categories":[1],"tags":[],"_links":{"self":[{"href":"https:\/\/blogs.elcomercio.es\/reflexiones-de-belarmino\/wp-json\/wp\/v2\/posts\/24073"}],"collection":[{"href":"https:\/\/blogs.elcomercio.es\/reflexiones-de-belarmino\/wp-json\/wp\/v2\/posts"}],"about":[{"href":"https:\/\/blogs.elcomercio.es\/reflexiones-de-belarmino\/wp-json\/wp\/v2\/types\/post"}],"author":[{"embeddable":true,"href":"https:\/\/blogs.elcomercio.es\/reflexiones-de-belarmino\/wp-json\/wp\/v2\/users\/16"}],"replies":[{"embeddable":true,"href":"https:\/\/blogs.elcomercio.es\/reflexiones-de-belarmino\/wp-json\/wp\/v2\/comments?post=24073"}],"version-history":[{"count":1,"href":"https:\/\/blogs.elcomercio.es\/reflexiones-de-belarmino\/wp-json\/wp\/v2\/posts\/24073\/revisions"}],"predecessor-version":[{"id":24074,"href":"https:\/\/blogs.elcomercio.es\/reflexiones-de-belarmino\/wp-json\/wp\/v2\/posts\/24073\/revisions\/24074"}],"wp:attachment":[{"href":"https:\/\/blogs.elcomercio.es\/reflexiones-de-belarmino\/wp-json\/wp\/v2\/media?parent=24073"}],"wp:term":[{"taxonomy":"category","embeddable":true,"href":"https:\/\/blogs.elcomercio.es\/reflexiones-de-belarmino\/wp-json\/wp\/v2\/categories?post=24073"},{"taxonomy":"post_tag","embeddable":true,"href":"https:\/\/blogs.elcomercio.es\/reflexiones-de-belarmino\/wp-json\/wp\/v2\/tags?post=24073"}],"curies":[{"name":"wp","href":"https:\/\/api.w.org\/{rel}","templated":true}]}}