{"id":24079,"date":"2022-07-31T10:44:08","date_gmt":"2022-07-31T08:44:08","guid":{"rendered":"https:\/\/blogs.elcomercio.es\/reflexiones-de-belarmino\/?p=24079"},"modified":"2022-07-31T10:44:08","modified_gmt":"2022-07-31T08:44:08","slug":"vox-se-desinfla-en-las-encuestas-con-su-lider-desaparecido-y-olona-en-retirada","status":"publish","type":"post","link":"https:\/\/blogs.elcomercio.es\/reflexiones-de-belarmino\/2022\/07\/31\/vox-se-desinfla-en-las-encuestas-con-su-lider-desaparecido-y-olona-en-retirada\/","title":{"rendered":"\u00a1\u00a1\u00a1\u00a1VOX SE DESINFLA EN LAS ENCUESTAS CON SU L\u00cdDER DESAPARECIDO Y OLONA EN RETIRADA !!!"},"content":{"rendered":"<p><strong>Hemos mantenido que algo pasa con Vox. Se desinfla en las encuestas, su lider est\u00e1 desaparecido y Olona en retirada. Procuremos entenderlo.<\/strong><\/p>\n<p><b>Gracias a la formaci\u00f3n en 2010 de la\u00a0Sociedad\u00a0de Amigos de Israel se conocieron Abascal y Casado.Manejada desde la comunidad jud\u00eda\u00a0en Estados Unidos, el contacto con ellos fue Aznar quien nombr\u00f3 a Rafael Bardaj\u00ed, su eterno acompa\u00f1ante a aquellas visitas con George Bush, como enlace enre ellos dos.<\/b><\/p>\n<p><b>En pleno ascenso del supremacismo blanco el ide\u00f3logo\u00a0que llev\u00f3 al poder a Trump y a Bolsonaro,Steve Bannon, decidi\u00f3 crear The Movement, cuyo\u00a0prop\u00f3sito\u00a0es impulsar en Europa a la extrema\u00a0derecha. Cuando ante un mapa situaron algunas organizaciones para ayudarles\u00a0econ\u00f3mica\u00a0y tecnol\u00f3gicamente, alguien record\u00f3 aquel chiringuito que hab\u00eda\u00a0creado Esperanza\u00a0Aguirre, dirigido por un se\u00f1or Abascal, que sin pena ni gloria no hab\u00eda logrado\u00a0un concejal, llamado Vox..<\/b><\/p>\n<p><b>Puesto en el mapa,\u00a0 aquel changarrito, un d\u00eda sorprendi\u00f3. Con todos los recursos de Bannon y la estrategia\u00a0de EE:UU aplicada a las tierras del Cid, apareci\u00f3 montado a caballo aquel hombre de barba, pelo en pecho, cual personaje de la \u00e9poca de la conquista, que ven\u00eda a salvar a Espa\u00f1a.<\/b><\/p>\n<p><b>Y de pronto se situ\u00f3 en Espa\u00f1a, y creci\u00f3 y creci\u00f3; entr\u00f3\u00a0en las Instituciones, hasta que aquel changarrito con pies de barro, mostr\u00f3\u00a0su realidad. Con Bannon con posibilidades de entrar a la c\u00e1rcel en EE:UU, con demandas\u00a0de sus propios afiliados en contra del Bunker, amo y se\u00f1or del membrete; los no aclarados 100,000 d\u00f3lares enviados a Bolsonaro, para que le gane\u00a0a Lula, entonces apareci\u00f3 la verdad. Un grupo de iluminados, el Bunker, sin dar explicaciones a ning\u00fan afiliado, result\u00f3 v\u00edctima\u00a0de sus propias contradicciones y en Andaluc\u00eda\u00a0toc\u00f3 techo..<\/b><\/p>\n<p><strong>Y de ah\u00ed para adelante, en todas las encuestas, o casi todas, del 20 % y tercera fuerza fuerza nacional Vox, se fue al 12 % y pas\u00f3 al 4 lugar.<\/strong><\/p>\n<p><b>Su techo fu\u00e9 Andaluc\u00eda, y Macarena Olona el principio\u00a0de su declive.<\/b><\/p>\n<p><b>En la \u00faltima comparecencia\u00a0de los l\u00edderes\u00a0de los partidos no estuvo Abascal quien se concret\u00f3\u00a0a enviar un tuit.<\/b><\/p>\n<p><strong>Ese fue el proceso de ascenso y descenso de aquel changarrito pagado por Esperanza Aguirre llamado Vox.<\/strong><\/p>\n<p>&nbsp;<\/p>\n<!-- AddThis Advanced Settings generic via filter on the_content --><!-- AddThis Share Buttons generic via filter on the_content -->","protected":false},"excerpt":{"rendered":"<p>Hemos mantenido que algo pasa con Vox. Se desinfla en las encuestas, su lider est\u00e1 desaparecido y Olona en retirada. Procuremos entenderlo. Gracias a la formaci\u00f3n en 2010 de la\u00a0Sociedad\u00a0de Amigos de Israel se conocieron Abascal y Casado.Manejada desde la comunidad jud\u00eda\u00a0en Estados Unidos, el contacto con ellos fue Aznar quien nombr\u00f3 a Rafael Bardaj\u00ed, [&hellip;]<!-- AddThis Advanced Settings generic via filter on get_the_excerpt --><!-- AddThis Share Buttons generic via filter on get_the_excerpt --><\/p>\n","protected":false},"author":16,"featured_media":0,"comment_status":"open","ping_status":"closed","sticky":false,"template":"","format":"standard","meta":[],"categories":[1],"tags":[],"_links":{"self":[{"href":"https:\/\/blogs.elcomercio.es\/reflexiones-de-belarmino\/wp-json\/wp\/v2\/posts\/24079"}],"collection":[{"href":"https:\/\/blogs.elcomercio.es\/reflexiones-de-belarmino\/wp-json\/wp\/v2\/posts"}],"about":[{"href":"https:\/\/blogs.elcomercio.es\/reflexiones-de-belarmino\/wp-json\/wp\/v2\/types\/post"}],"author":[{"embeddable":true,"href":"https:\/\/blogs.elcomercio.es\/reflexiones-de-belarmino\/wp-json\/wp\/v2\/users\/16"}],"replies":[{"embeddable":true,"href":"https:\/\/blogs.elcomercio.es\/reflexiones-de-belarmino\/wp-json\/wp\/v2\/comments?post=24079"}],"version-history":[{"count":2,"href":"https:\/\/blogs.elcomercio.es\/reflexiones-de-belarmino\/wp-json\/wp\/v2\/posts\/24079\/revisions"}],"predecessor-version":[{"id":24081,"href":"https:\/\/blogs.elcomercio.es\/reflexiones-de-belarmino\/wp-json\/wp\/v2\/posts\/24079\/revisions\/24081"}],"wp:attachment":[{"href":"https:\/\/blogs.elcomercio.es\/reflexiones-de-belarmino\/wp-json\/wp\/v2\/media?parent=24079"}],"wp:term":[{"taxonomy":"category","embeddable":true,"href":"https:\/\/blogs.elcomercio.es\/reflexiones-de-belarmino\/wp-json\/wp\/v2\/categories?post=24079"},{"taxonomy":"post_tag","embeddable":true,"href":"https:\/\/blogs.elcomercio.es\/reflexiones-de-belarmino\/wp-json\/wp\/v2\/tags?post=24079"}],"curies":[{"name":"wp","href":"https:\/\/api.w.org\/{rel}","templated":true}]}}