{"id":24103,"date":"2022-08-01T08:25:47","date_gmt":"2022-08-01T06:25:47","guid":{"rendered":"https:\/\/blogs.elcomercio.es\/reflexiones-de-belarmino\/?p=24103"},"modified":"2022-08-01T08:25:47","modified_gmt":"2022-08-01T06:25:47","slug":"los-altos-secretos-del-estado-seguiran-ocultos-50-anos-mas-prorrogables","status":"publish","type":"post","link":"https:\/\/blogs.elcomercio.es\/reflexiones-de-belarmino\/2022\/08\/01\/los-altos-secretos-del-estado-seguiran-ocultos-50-anos-mas-prorrogables\/","title":{"rendered":"\u00a1\u00a1\u00a1\u00a1\u00a1LOS ALTOS SECRETOS DEL ESTADO SEGUIR\u00c1N OCULTOS 50 A\u00d1OS M\u00c1S, PRORROGABLES !!!"},"content":{"rendered":"<p><b>Lo saltos\u00a0Secretos\u00a0del Estado seguir\u00e1n ocultos 50 a\u00f1os m\u00e1s prorrogables. El final del franquismo y toda la Transici\u00f3n.<\/b><\/p>\n<!-- AddThis Advanced Settings generic via filter on the_content --><!-- AddThis Share Buttons generic via filter on the_content -->","protected":false},"excerpt":{"rendered":"<p>Lo saltos\u00a0Secretos\u00a0del Estado seguir\u00e1n ocultos 50 a\u00f1os m\u00e1s prorrogables. El final del franquismo y toda la Transici\u00f3n.<!-- AddThis Advanced Settings generic via filter on get_the_excerpt --><!-- AddThis Share Buttons generic via filter on get_the_excerpt --><\/p>\n","protected":false},"author":16,"featured_media":0,"comment_status":"open","ping_status":"closed","sticky":false,"template":"","format":"standard","meta":[],"categories":[1],"tags":[],"_links":{"self":[{"href":"https:\/\/blogs.elcomercio.es\/reflexiones-de-belarmino\/wp-json\/wp\/v2\/posts\/24103"}],"collection":[{"href":"https:\/\/blogs.elcomercio.es\/reflexiones-de-belarmino\/wp-json\/wp\/v2\/posts"}],"about":[{"href":"https:\/\/blogs.elcomercio.es\/reflexiones-de-belarmino\/wp-json\/wp\/v2\/types\/post"}],"author":[{"embeddable":true,"href":"https:\/\/blogs.elcomercio.es\/reflexiones-de-belarmino\/wp-json\/wp\/v2\/users\/16"}],"replies":[{"embeddable":true,"href":"https:\/\/blogs.elcomercio.es\/reflexiones-de-belarmino\/wp-json\/wp\/v2\/comments?post=24103"}],"version-history":[{"count":1,"href":"https:\/\/blogs.elcomercio.es\/reflexiones-de-belarmino\/wp-json\/wp\/v2\/posts\/24103\/revisions"}],"predecessor-version":[{"id":24104,"href":"https:\/\/blogs.elcomercio.es\/reflexiones-de-belarmino\/wp-json\/wp\/v2\/posts\/24103\/revisions\/24104"}],"wp:attachment":[{"href":"https:\/\/blogs.elcomercio.es\/reflexiones-de-belarmino\/wp-json\/wp\/v2\/media?parent=24103"}],"wp:term":[{"taxonomy":"category","embeddable":true,"href":"https:\/\/blogs.elcomercio.es\/reflexiones-de-belarmino\/wp-json\/wp\/v2\/categories?post=24103"},{"taxonomy":"post_tag","embeddable":true,"href":"https:\/\/blogs.elcomercio.es\/reflexiones-de-belarmino\/wp-json\/wp\/v2\/tags?post=24103"}],"curies":[{"name":"wp","href":"https:\/\/api.w.org\/{rel}","templated":true}]}}