{"id":24105,"date":"2022-08-01T10:16:09","date_gmt":"2022-08-01T08:16:09","guid":{"rendered":"https:\/\/blogs.elcomercio.es\/reflexiones-de-belarmino\/?p=24105"},"modified":"2022-08-01T10:16:09","modified_gmt":"2022-08-01T08:16:09","slug":"el-razoni-con-26000-toneladas-de-cereales-para-libano-partio-hoy-de-odessa","status":"publish","type":"post","link":"https:\/\/blogs.elcomercio.es\/reflexiones-de-belarmino\/2022\/08\/01\/el-razoni-con-26000-toneladas-de-cereales-para-libano-partio-hoy-de-odessa\/","title":{"rendered":"\u00a1\u00a1\u00a1\u00a1EL RAZONI, CON 26,000 TONELADAS DE CEREALES PARA L\u00cdBANO PARTI\u00d3 HOY DE ODESSA !!!"},"content":{"rendered":"<p><b>El Razoni, con bandera de Sierra Leona , parti\u00f3 hoy de Odessa con 26,000 toneladas de granos para el L\u00edbano:Ser\u00e1\u00a0revisado en Estambul.<\/b><\/p>\n<!-- AddThis Advanced Settings generic via filter on the_content --><!-- AddThis Share Buttons generic via filter on the_content -->","protected":false},"excerpt":{"rendered":"<p>El Razoni, con bandera de Sierra Leona , parti\u00f3 hoy de Odessa con 26,000 toneladas de granos para el L\u00edbano:Ser\u00e1\u00a0revisado en Estambul.<!-- AddThis Advanced Settings generic via filter on get_the_excerpt --><!-- AddThis Share Buttons generic via filter on get_the_excerpt --><\/p>\n","protected":false},"author":16,"featured_media":0,"comment_status":"open","ping_status":"closed","sticky":false,"template":"","format":"standard","meta":[],"categories":[1],"tags":[],"_links":{"self":[{"href":"https:\/\/blogs.elcomercio.es\/reflexiones-de-belarmino\/wp-json\/wp\/v2\/posts\/24105"}],"collection":[{"href":"https:\/\/blogs.elcomercio.es\/reflexiones-de-belarmino\/wp-json\/wp\/v2\/posts"}],"about":[{"href":"https:\/\/blogs.elcomercio.es\/reflexiones-de-belarmino\/wp-json\/wp\/v2\/types\/post"}],"author":[{"embeddable":true,"href":"https:\/\/blogs.elcomercio.es\/reflexiones-de-belarmino\/wp-json\/wp\/v2\/users\/16"}],"replies":[{"embeddable":true,"href":"https:\/\/blogs.elcomercio.es\/reflexiones-de-belarmino\/wp-json\/wp\/v2\/comments?post=24105"}],"version-history":[{"count":2,"href":"https:\/\/blogs.elcomercio.es\/reflexiones-de-belarmino\/wp-json\/wp\/v2\/posts\/24105\/revisions"}],"predecessor-version":[{"id":24107,"href":"https:\/\/blogs.elcomercio.es\/reflexiones-de-belarmino\/wp-json\/wp\/v2\/posts\/24105\/revisions\/24107"}],"wp:attachment":[{"href":"https:\/\/blogs.elcomercio.es\/reflexiones-de-belarmino\/wp-json\/wp\/v2\/media?parent=24105"}],"wp:term":[{"taxonomy":"category","embeddable":true,"href":"https:\/\/blogs.elcomercio.es\/reflexiones-de-belarmino\/wp-json\/wp\/v2\/categories?post=24105"},{"taxonomy":"post_tag","embeddable":true,"href":"https:\/\/blogs.elcomercio.es\/reflexiones-de-belarmino\/wp-json\/wp\/v2\/tags?post=24105"}],"curies":[{"name":"wp","href":"https:\/\/api.w.org\/{rel}","templated":true}]}}