{"id":24130,"date":"2022-08-02T11:36:46","date_gmt":"2022-08-02T09:36:46","guid":{"rendered":"https:\/\/blogs.elcomercio.es\/reflexiones-de-belarmino\/?p=24130"},"modified":"2022-08-02T11:36:55","modified_gmt":"2022-08-02T09:36:55","slug":"estados-unidos-acaba-con-al-zawahiri-21-anos-despues-del-11-s-con-un-dron-en-kabul","status":"publish","type":"post","link":"https:\/\/blogs.elcomercio.es\/reflexiones-de-belarmino\/2022\/08\/02\/estados-unidos-acaba-con-al-zawahiri-21-anos-despues-del-11-s-con-un-dron-en-kabul\/","title":{"rendered":"\u00a1\u00a1\u00a1\u00a1\u00a1\u00a1ESTADOS UNIDOS ACABA CON AL ZAWAHIRI 21 A\u00d1OS DESPU\u00c9S DEL 11 -S ,CON UN DRON EN KABUL !!!"},"content":{"rendered":"<p><strong>El hombre que qued\u00f3 al frente de\u00a0<\/strong><b>Al Qaeda, tras la muerte de Osama Bin\u00a0Laden, el hombre tras \u00e9ste, el\u00a0lider Al\u00a0Zawahiri, muri\u00f3\u00a0 ayer en Kabul con un Dron, dirigido especialmente a su persona.<\/b><\/p>\n<p><b>Habr\u00e1 que esperar la respuesta\u00a0del Islamismo Isl\u00e1mico, donde era muy respetado.Sin los Talibanes no hubiera sido posible.<\/b><\/p>\n<!-- AddThis Advanced Settings generic via filter on the_content --><!-- AddThis Share Buttons generic via filter on the_content -->","protected":false},"excerpt":{"rendered":"<p>El hombre que qued\u00f3 al frente de\u00a0Al Qaeda, tras la muerte de Osama Bin\u00a0Laden, el hombre tras \u00e9ste, el\u00a0lider Al\u00a0Zawahiri, muri\u00f3\u00a0 ayer en Kabul con un Dron, dirigido especialmente a su persona. Habr\u00e1 que esperar la respuesta\u00a0del Islamismo Isl\u00e1mico, donde era muy respetado.Sin los Talibanes no hubiera sido posible.<!-- AddThis Advanced Settings generic via filter on get_the_excerpt --><!-- AddThis Share Buttons generic via filter on get_the_excerpt --><\/p>\n","protected":false},"author":16,"featured_media":0,"comment_status":"open","ping_status":"closed","sticky":false,"template":"","format":"standard","meta":[],"categories":[1],"tags":[],"_links":{"self":[{"href":"https:\/\/blogs.elcomercio.es\/reflexiones-de-belarmino\/wp-json\/wp\/v2\/posts\/24130"}],"collection":[{"href":"https:\/\/blogs.elcomercio.es\/reflexiones-de-belarmino\/wp-json\/wp\/v2\/posts"}],"about":[{"href":"https:\/\/blogs.elcomercio.es\/reflexiones-de-belarmino\/wp-json\/wp\/v2\/types\/post"}],"author":[{"embeddable":true,"href":"https:\/\/blogs.elcomercio.es\/reflexiones-de-belarmino\/wp-json\/wp\/v2\/users\/16"}],"replies":[{"embeddable":true,"href":"https:\/\/blogs.elcomercio.es\/reflexiones-de-belarmino\/wp-json\/wp\/v2\/comments?post=24130"}],"version-history":[{"count":1,"href":"https:\/\/blogs.elcomercio.es\/reflexiones-de-belarmino\/wp-json\/wp\/v2\/posts\/24130\/revisions"}],"predecessor-version":[{"id":24131,"href":"https:\/\/blogs.elcomercio.es\/reflexiones-de-belarmino\/wp-json\/wp\/v2\/posts\/24130\/revisions\/24131"}],"wp:attachment":[{"href":"https:\/\/blogs.elcomercio.es\/reflexiones-de-belarmino\/wp-json\/wp\/v2\/media?parent=24130"}],"wp:term":[{"taxonomy":"category","embeddable":true,"href":"https:\/\/blogs.elcomercio.es\/reflexiones-de-belarmino\/wp-json\/wp\/v2\/categories?post=24130"},{"taxonomy":"post_tag","embeddable":true,"href":"https:\/\/blogs.elcomercio.es\/reflexiones-de-belarmino\/wp-json\/wp\/v2\/tags?post=24130"}],"curies":[{"name":"wp","href":"https:\/\/api.w.org\/{rel}","templated":true}]}}