{"id":24132,"date":"2022-08-02T11:41:14","date_gmt":"2022-08-02T09:41:14","guid":{"rendered":"https:\/\/blogs.elcomercio.es\/reflexiones-de-belarmino\/?p=24132"},"modified":"2022-08-02T11:41:14","modified_gmt":"2022-08-02T09:41:14","slug":"a-esta-hora-nancy-pelosi-no-ha-aterrizado-en-taiwan-la-cia-dijo-ayer-que-era-un-error-su-visita","status":"publish","type":"post","link":"https:\/\/blogs.elcomercio.es\/reflexiones-de-belarmino\/2022\/08\/02\/a-esta-hora-nancy-pelosi-no-ha-aterrizado-en-taiwan-la-cia-dijo-ayer-que-era-un-error-su-visita\/","title":{"rendered":"\u00a1\u00a1\u00a1A ESTA HORA, NANCY PELOSI NO HA ATERRIZADO EN TAIW\u00c1N. LA CIA DIJO AYER QUE ERA UN ERROR SU VISITA !!!"},"content":{"rendered":"<p><b>Tras de\u00a0que ayer la CIA considerase un error provocar as\u00ed a China con la visita de Nancy Pelosi a Taiw\u00e1n, a esta hora, casi final del d\u00eda de Oriente, no hay informaci\u00f3n de que la n\u00famero 3 del gobierno del Estados Unidos, tras el presidente y la vicepresidenta, est\u00e9 o haya estado hoy en Taiw\u00e1n.<\/b><\/p>\n<!-- AddThis Advanced Settings generic via filter on the_content --><!-- AddThis Share Buttons generic via filter on the_content -->","protected":false},"excerpt":{"rendered":"<p>Tras de\u00a0que ayer la CIA considerase un error provocar as\u00ed a China con la visita de Nancy Pelosi a Taiw\u00e1n, a esta hora, casi final del d\u00eda de Oriente, no hay informaci\u00f3n de que la n\u00famero 3 del gobierno del Estados Unidos, tras el presidente y la vicepresidenta, est\u00e9 o haya estado hoy en Taiw\u00e1n.<!-- AddThis Advanced Settings generic via filter on get_the_excerpt --><!-- AddThis Share Buttons generic via filter on get_the_excerpt --><\/p>\n","protected":false},"author":16,"featured_media":0,"comment_status":"open","ping_status":"closed","sticky":false,"template":"","format":"standard","meta":[],"categories":[1],"tags":[],"_links":{"self":[{"href":"https:\/\/blogs.elcomercio.es\/reflexiones-de-belarmino\/wp-json\/wp\/v2\/posts\/24132"}],"collection":[{"href":"https:\/\/blogs.elcomercio.es\/reflexiones-de-belarmino\/wp-json\/wp\/v2\/posts"}],"about":[{"href":"https:\/\/blogs.elcomercio.es\/reflexiones-de-belarmino\/wp-json\/wp\/v2\/types\/post"}],"author":[{"embeddable":true,"href":"https:\/\/blogs.elcomercio.es\/reflexiones-de-belarmino\/wp-json\/wp\/v2\/users\/16"}],"replies":[{"embeddable":true,"href":"https:\/\/blogs.elcomercio.es\/reflexiones-de-belarmino\/wp-json\/wp\/v2\/comments?post=24132"}],"version-history":[{"count":1,"href":"https:\/\/blogs.elcomercio.es\/reflexiones-de-belarmino\/wp-json\/wp\/v2\/posts\/24132\/revisions"}],"predecessor-version":[{"id":24133,"href":"https:\/\/blogs.elcomercio.es\/reflexiones-de-belarmino\/wp-json\/wp\/v2\/posts\/24132\/revisions\/24133"}],"wp:attachment":[{"href":"https:\/\/blogs.elcomercio.es\/reflexiones-de-belarmino\/wp-json\/wp\/v2\/media?parent=24132"}],"wp:term":[{"taxonomy":"category","embeddable":true,"href":"https:\/\/blogs.elcomercio.es\/reflexiones-de-belarmino\/wp-json\/wp\/v2\/categories?post=24132"},{"taxonomy":"post_tag","embeddable":true,"href":"https:\/\/blogs.elcomercio.es\/reflexiones-de-belarmino\/wp-json\/wp\/v2\/tags?post=24132"}],"curies":[{"name":"wp","href":"https:\/\/api.w.org\/{rel}","templated":true}]}}