{"id":24134,"date":"2022-08-02T11:46:01","date_gmt":"2022-08-02T09:46:01","guid":{"rendered":"https:\/\/blogs.elcomercio.es\/reflexiones-de-belarmino\/?p=24134"},"modified":"2022-08-02T11:46:01","modified_gmt":"2022-08-02T09:46:01","slug":"los-posados-en-kiev-con-su-esposa-para-vogue-debilita-internamente-a-zelenski","status":"publish","type":"post","link":"https:\/\/blogs.elcomercio.es\/reflexiones-de-belarmino\/2022\/08\/02\/los-posados-en-kiev-con-su-esposa-para-vogue-debilita-internamente-a-zelenski\/","title":{"rendered":"\u00a1\u00a1\u00a1\u00a1LOS POSADOS EN KIEV CON SU ESPOSA PARA VOGUE DEBILITA INTERNAMENTE A ZELENSKI !!!"},"content":{"rendered":"<p><strong>No lo calcul\u00f3 bien. El conceder la entrevista a la revista Vogue en Kiev, posando con su esposa ante escenarios de la guerra, no sent\u00f3 bien entre los dirigentes militares de Ucrania, y han debilitado internamente a Zelenski , seg\u00fan los servicios de inteligencia del Reino Unido<\/strong><\/p>\n<!-- AddThis Advanced Settings generic via filter on the_content --><!-- AddThis Share Buttons generic via filter on the_content -->","protected":false},"excerpt":{"rendered":"<p>No lo calcul\u00f3 bien. El conceder la entrevista a la revista Vogue en Kiev, posando con su esposa ante escenarios de la guerra, no sent\u00f3 bien entre los dirigentes militares de Ucrania, y han debilitado internamente a Zelenski , seg\u00fan los servicios de inteligencia del Reino Unido<!-- AddThis Advanced Settings generic via filter on get_the_excerpt --><!-- AddThis Share Buttons generic via filter on get_the_excerpt --><\/p>\n","protected":false},"author":16,"featured_media":0,"comment_status":"open","ping_status":"closed","sticky":false,"template":"","format":"standard","meta":[],"categories":[1],"tags":[],"_links":{"self":[{"href":"https:\/\/blogs.elcomercio.es\/reflexiones-de-belarmino\/wp-json\/wp\/v2\/posts\/24134"}],"collection":[{"href":"https:\/\/blogs.elcomercio.es\/reflexiones-de-belarmino\/wp-json\/wp\/v2\/posts"}],"about":[{"href":"https:\/\/blogs.elcomercio.es\/reflexiones-de-belarmino\/wp-json\/wp\/v2\/types\/post"}],"author":[{"embeddable":true,"href":"https:\/\/blogs.elcomercio.es\/reflexiones-de-belarmino\/wp-json\/wp\/v2\/users\/16"}],"replies":[{"embeddable":true,"href":"https:\/\/blogs.elcomercio.es\/reflexiones-de-belarmino\/wp-json\/wp\/v2\/comments?post=24134"}],"version-history":[{"count":2,"href":"https:\/\/blogs.elcomercio.es\/reflexiones-de-belarmino\/wp-json\/wp\/v2\/posts\/24134\/revisions"}],"predecessor-version":[{"id":24136,"href":"https:\/\/blogs.elcomercio.es\/reflexiones-de-belarmino\/wp-json\/wp\/v2\/posts\/24134\/revisions\/24136"}],"wp:attachment":[{"href":"https:\/\/blogs.elcomercio.es\/reflexiones-de-belarmino\/wp-json\/wp\/v2\/media?parent=24134"}],"wp:term":[{"taxonomy":"category","embeddable":true,"href":"https:\/\/blogs.elcomercio.es\/reflexiones-de-belarmino\/wp-json\/wp\/v2\/categories?post=24134"},{"taxonomy":"post_tag","embeddable":true,"href":"https:\/\/blogs.elcomercio.es\/reflexiones-de-belarmino\/wp-json\/wp\/v2\/tags?post=24134"}],"curies":[{"name":"wp","href":"https:\/\/api.w.org\/{rel}","templated":true}]}}