{"id":24137,"date":"2022-08-02T11:51:29","date_gmt":"2022-08-02T09:51:29","guid":{"rendered":"https:\/\/blogs.elcomercio.es\/reflexiones-de-belarmino\/?p=24137"},"modified":"2022-08-02T11:51:29","modified_gmt":"2022-08-02T09:51:29","slug":"la-conversacion-publica-en-los-jardines-de-la-moncloa-entre-pedro-sanchez-primer-paso-para-la-espana-de-2050","status":"publish","type":"post","link":"https:\/\/blogs.elcomercio.es\/reflexiones-de-belarmino\/2022\/08\/02\/la-conversacion-publica-en-los-jardines-de-la-moncloa-entre-pedro-sanchez-primer-paso-para-la-espana-de-2050\/","title":{"rendered":"\u00a1\u00a1\u00a1\u00a1LA CONVERSACI\u00d3N P\u00daBLICA EN LOS JARDINES DE LA MONCLOA ENTRE PEDRO S\u00c1NCHEZ, PRIMER PASO PARA LA ESPA\u00d1A DE 2050 !!!"},"content":{"rendered":"<p><b>Tras la reuni\u00f3n con Ione Belarra ,donde Podemos ofrecer su apoyo\u00a0a SUMAR sin perder\u00a0su estructura org\u00e1nica, la conversaci\u00f3n entre los verdes de La Moncloa\u00a0entre\u00a0Pedro S\u00e1nchez\u00a0y Yolanda D\u00edaz,\u00a0 fue primer paso para ganar las elecciones del 2023 y darle continuidad 4 a\u00f1os m\u00e1s al proyecto del 2024 al 2028, es un primer paso hacia la Espa\u00f1a del 2050.<\/b><\/p>\n<!-- AddThis Advanced Settings generic via filter on the_content --><!-- AddThis Share Buttons generic via filter on the_content -->","protected":false},"excerpt":{"rendered":"<p>Tras la reuni\u00f3n con Ione Belarra ,donde Podemos ofrecer su apoyo\u00a0a SUMAR sin perder\u00a0su estructura org\u00e1nica, la conversaci\u00f3n entre los verdes de La Moncloa\u00a0entre\u00a0Pedro S\u00e1nchez\u00a0y Yolanda D\u00edaz,\u00a0 fue primer paso para ganar las elecciones del 2023 y darle continuidad 4 a\u00f1os m\u00e1s al proyecto del 2024 al 2028, es un primer paso hacia la Espa\u00f1a [&hellip;]<!-- AddThis Advanced Settings generic via filter on get_the_excerpt --><!-- AddThis Share Buttons generic via filter on get_the_excerpt --><\/p>\n","protected":false},"author":16,"featured_media":0,"comment_status":"open","ping_status":"closed","sticky":false,"template":"","format":"standard","meta":[],"categories":[1],"tags":[],"_links":{"self":[{"href":"https:\/\/blogs.elcomercio.es\/reflexiones-de-belarmino\/wp-json\/wp\/v2\/posts\/24137"}],"collection":[{"href":"https:\/\/blogs.elcomercio.es\/reflexiones-de-belarmino\/wp-json\/wp\/v2\/posts"}],"about":[{"href":"https:\/\/blogs.elcomercio.es\/reflexiones-de-belarmino\/wp-json\/wp\/v2\/types\/post"}],"author":[{"embeddable":true,"href":"https:\/\/blogs.elcomercio.es\/reflexiones-de-belarmino\/wp-json\/wp\/v2\/users\/16"}],"replies":[{"embeddable":true,"href":"https:\/\/blogs.elcomercio.es\/reflexiones-de-belarmino\/wp-json\/wp\/v2\/comments?post=24137"}],"version-history":[{"count":2,"href":"https:\/\/blogs.elcomercio.es\/reflexiones-de-belarmino\/wp-json\/wp\/v2\/posts\/24137\/revisions"}],"predecessor-version":[{"id":24139,"href":"https:\/\/blogs.elcomercio.es\/reflexiones-de-belarmino\/wp-json\/wp\/v2\/posts\/24137\/revisions\/24139"}],"wp:attachment":[{"href":"https:\/\/blogs.elcomercio.es\/reflexiones-de-belarmino\/wp-json\/wp\/v2\/media?parent=24137"}],"wp:term":[{"taxonomy":"category","embeddable":true,"href":"https:\/\/blogs.elcomercio.es\/reflexiones-de-belarmino\/wp-json\/wp\/v2\/categories?post=24137"},{"taxonomy":"post_tag","embeddable":true,"href":"https:\/\/blogs.elcomercio.es\/reflexiones-de-belarmino\/wp-json\/wp\/v2\/tags?post=24137"}],"curies":[{"name":"wp","href":"https:\/\/api.w.org\/{rel}","templated":true}]}}