{"id":24140,"date":"2022-08-02T11:56:18","date_gmt":"2022-08-02T09:56:18","guid":{"rendered":"https:\/\/blogs.elcomercio.es\/reflexiones-de-belarmino\/?p=24140"},"modified":"2022-08-02T11:56:18","modified_gmt":"2022-08-02T09:56:18","slug":"diaz-ayuso-enfrenta-al-gobierno-y-a-europa-no-pagara-las-luces","status":"publish","type":"post","link":"https:\/\/blogs.elcomercio.es\/reflexiones-de-belarmino\/2022\/08\/02\/diaz-ayuso-enfrenta-al-gobierno-y-a-europa-no-pagara-las-luces\/","title":{"rendered":"\u00a1\u00a1\u00a1\u00a1DIAZ AYUSO ENFRENTA AL GOBIERNO Y A EUROPA: NO PAGAR\u00c1 LAS LUCES !!!!"},"content":{"rendered":"<p><b>La \u00fanica forma de mantenerse de Isabel D\u00edaz Ayuso, seg\u00fan su asesor Miguel \u00c1ngel\u00a0Rodr\u00edguez\u00a0,es enfrentarse a todo lo que surja del gobierno. Ayer desafi\u00f3 el ahorro energ\u00e9tico en Madrid, el suavizar el alumbrado\u00a0p\u00fablico\u00a0que Espa\u00f1a y Europa han sugerido.<\/b><\/p>\n<p><b>Una vez tocado techo Vox, Miguel \u00c1ngel\u00a0le ha dicho: &#8221; Es tu momento Isabel. Ni te preocupes de Feij\u00f3o&#8221;<\/b><\/p>\n<p>&nbsp;<\/p>\n<!-- AddThis Advanced Settings generic via filter on the_content --><!-- AddThis Share Buttons generic via filter on the_content -->","protected":false},"excerpt":{"rendered":"<p>La \u00fanica forma de mantenerse de Isabel D\u00edaz Ayuso, seg\u00fan su asesor Miguel \u00c1ngel\u00a0Rodr\u00edguez\u00a0,es enfrentarse a todo lo que surja del gobierno. Ayer desafi\u00f3 el ahorro energ\u00e9tico en Madrid, el suavizar el alumbrado\u00a0p\u00fablico\u00a0que Espa\u00f1a y Europa han sugerido. Una vez tocado techo Vox, Miguel \u00c1ngel\u00a0le ha dicho: &#8221; Es tu momento Isabel. Ni te preocupes [&hellip;]<!-- AddThis Advanced Settings generic via filter on get_the_excerpt --><!-- AddThis Share Buttons generic via filter on get_the_excerpt --><\/p>\n","protected":false},"author":16,"featured_media":0,"comment_status":"open","ping_status":"closed","sticky":false,"template":"","format":"standard","meta":[],"categories":[1],"tags":[],"_links":{"self":[{"href":"https:\/\/blogs.elcomercio.es\/reflexiones-de-belarmino\/wp-json\/wp\/v2\/posts\/24140"}],"collection":[{"href":"https:\/\/blogs.elcomercio.es\/reflexiones-de-belarmino\/wp-json\/wp\/v2\/posts"}],"about":[{"href":"https:\/\/blogs.elcomercio.es\/reflexiones-de-belarmino\/wp-json\/wp\/v2\/types\/post"}],"author":[{"embeddable":true,"href":"https:\/\/blogs.elcomercio.es\/reflexiones-de-belarmino\/wp-json\/wp\/v2\/users\/16"}],"replies":[{"embeddable":true,"href":"https:\/\/blogs.elcomercio.es\/reflexiones-de-belarmino\/wp-json\/wp\/v2\/comments?post=24140"}],"version-history":[{"count":1,"href":"https:\/\/blogs.elcomercio.es\/reflexiones-de-belarmino\/wp-json\/wp\/v2\/posts\/24140\/revisions"}],"predecessor-version":[{"id":24141,"href":"https:\/\/blogs.elcomercio.es\/reflexiones-de-belarmino\/wp-json\/wp\/v2\/posts\/24140\/revisions\/24141"}],"wp:attachment":[{"href":"https:\/\/blogs.elcomercio.es\/reflexiones-de-belarmino\/wp-json\/wp\/v2\/media?parent=24140"}],"wp:term":[{"taxonomy":"category","embeddable":true,"href":"https:\/\/blogs.elcomercio.es\/reflexiones-de-belarmino\/wp-json\/wp\/v2\/categories?post=24140"},{"taxonomy":"post_tag","embeddable":true,"href":"https:\/\/blogs.elcomercio.es\/reflexiones-de-belarmino\/wp-json\/wp\/v2\/tags?post=24140"}],"curies":[{"name":"wp","href":"https:\/\/api.w.org\/{rel}","templated":true}]}}