{"id":24146,"date":"2022-08-02T12:13:45","date_gmt":"2022-08-02T10:13:45","guid":{"rendered":"https:\/\/blogs.elcomercio.es\/reflexiones-de-belarmino\/?p=24146"},"modified":"2022-08-02T12:13:45","modified_gmt":"2022-08-02T10:13:45","slug":"los-gal-y-el-23-f-quedan-al-albur-del-gobierno-y-los-jueces-mensaje-directo-a-algunos","status":"publish","type":"post","link":"https:\/\/blogs.elcomercio.es\/reflexiones-de-belarmino\/2022\/08\/02\/los-gal-y-el-23-f-quedan-al-albur-del-gobierno-y-los-jueces-mensaje-directo-a-algunos\/","title":{"rendered":"\u00a1\u00a1\u00a1\u00a1\u00a1LOS GAL Y EL 23 F QUEDAN AL ALBUR DEL GOBIERNO Y LOS JUECES.- MENSAJE  DIRECTO A ALGUNOS!!!!"},"content":{"rendered":"<p><b>Hay quienes hicieron la vista gorda en la etapa hasta 2007, que se destaparon\u00a0los irregularidades\u00a0de Juan Carlos I. El Jefe del Estado, los Presidentes del\u00a0 Gobierno, Ministros, periodistas\u00a0y sobre todo &#8220;las ca\u00f1er\u00edas\u00a0del Estado&#8221; y &#8221; las ca\u00f1er\u00edas de la informaci\u00f3n&#8221;, y todos los implicados en aquella \u00e9poca, con la nuev Ley de Secretos del Estado, est\u00e1n nerviosos.<\/b><\/p>\n<p><strong>Los GAL, el 23 F, las fortunas de Pijol, las Conferencias Iberoamericanas y sus enormes comisiones,, la corrupci\u00f3n del gobierno Popular en \u00e9pocas de Aznar, los principios de la Transici\u00f3n,<\/strong><strong>hoy est\u00e1n en manos del gobierno y\u00a0 los jueces.<\/strong><\/p>\n<p><b>Por fin alguien se atrevi\u00f3\u00a0a acabar con aquella ley del Almirante Carrero Blanco en 1968.<\/b><\/p>\n<p><b>Otro paso del Gobierno de Coalici\u00f3n, que est\u00e1n siendo seguidas con atenci\u00f3n en Abu Dabi y donde veranean\u00a0esos\u00a0personajes.<\/b><\/p>\n<!-- AddThis Advanced Settings generic via filter on the_content --><!-- AddThis Share Buttons generic via filter on the_content -->","protected":false},"excerpt":{"rendered":"<p>Hay quienes hicieron la vista gorda en la etapa hasta 2007, que se destaparon\u00a0los irregularidades\u00a0de Juan Carlos I. El Jefe del Estado, los Presidentes del\u00a0 Gobierno, Ministros, periodistas\u00a0y sobre todo &#8220;las ca\u00f1er\u00edas\u00a0del Estado&#8221; y &#8221; las ca\u00f1er\u00edas de la informaci\u00f3n&#8221;, y todos los implicados en aquella \u00e9poca, con la nuev Ley de Secretos del Estado, [&hellip;]<!-- AddThis Advanced Settings generic via filter on get_the_excerpt --><!-- AddThis Share Buttons generic via filter on get_the_excerpt --><\/p>\n","protected":false},"author":16,"featured_media":0,"comment_status":"open","ping_status":"closed","sticky":false,"template":"","format":"standard","meta":[],"categories":[1],"tags":[],"_links":{"self":[{"href":"https:\/\/blogs.elcomercio.es\/reflexiones-de-belarmino\/wp-json\/wp\/v2\/posts\/24146"}],"collection":[{"href":"https:\/\/blogs.elcomercio.es\/reflexiones-de-belarmino\/wp-json\/wp\/v2\/posts"}],"about":[{"href":"https:\/\/blogs.elcomercio.es\/reflexiones-de-belarmino\/wp-json\/wp\/v2\/types\/post"}],"author":[{"embeddable":true,"href":"https:\/\/blogs.elcomercio.es\/reflexiones-de-belarmino\/wp-json\/wp\/v2\/users\/16"}],"replies":[{"embeddable":true,"href":"https:\/\/blogs.elcomercio.es\/reflexiones-de-belarmino\/wp-json\/wp\/v2\/comments?post=24146"}],"version-history":[{"count":1,"href":"https:\/\/blogs.elcomercio.es\/reflexiones-de-belarmino\/wp-json\/wp\/v2\/posts\/24146\/revisions"}],"predecessor-version":[{"id":24147,"href":"https:\/\/blogs.elcomercio.es\/reflexiones-de-belarmino\/wp-json\/wp\/v2\/posts\/24146\/revisions\/24147"}],"wp:attachment":[{"href":"https:\/\/blogs.elcomercio.es\/reflexiones-de-belarmino\/wp-json\/wp\/v2\/media?parent=24146"}],"wp:term":[{"taxonomy":"category","embeddable":true,"href":"https:\/\/blogs.elcomercio.es\/reflexiones-de-belarmino\/wp-json\/wp\/v2\/categories?post=24146"},{"taxonomy":"post_tag","embeddable":true,"href":"https:\/\/blogs.elcomercio.es\/reflexiones-de-belarmino\/wp-json\/wp\/v2\/tags?post=24146"}],"curies":[{"name":"wp","href":"https:\/\/api.w.org\/{rel}","templated":true}]}}