{"id":24150,"date":"2022-08-02T13:45:18","date_gmt":"2022-08-02T11:45:18","guid":{"rendered":"https:\/\/blogs.elcomercio.es\/reflexiones-de-belarmino\/?p=24150"},"modified":"2022-08-02T13:45:18","modified_gmt":"2022-08-02T11:45:18","slug":"en-recuerdo-a-los-decenas-de-miles-que-durante-461-dias-resistieron-al-fascismo-en-asturias-hoy-olvidadas-por-los-lights","status":"publish","type":"post","link":"https:\/\/blogs.elcomercio.es\/reflexiones-de-belarmino\/2022\/08\/02\/en-recuerdo-a-los-decenas-de-miles-que-durante-461-dias-resistieron-al-fascismo-en-asturias-hoy-olvidadas-por-los-lights\/","title":{"rendered":"\u00a1\u00a1\u00a1EN RECUERDO A LOS DECENAS DE MILES QUE DURANTE  461 D\u00cdAS RESISTIERON AL FASCISMO EN ASTURIAS, HOY OLVIDADAS POR LOS &#8220;LIGHTS&#8221;!!!!"},"content":{"rendered":"<p><b>Los socialistas y comunistas asturianos &#8220;lights&#8221; de la transici\u00f3n, en especial a los socialistas dirigidos por Fern\u00e1ndez Villa, han sepultado en el olvido a las decenas de miles de mujeres y hombre que enfrentaron, en Gij\u00f3n, cobijando a vascos, santanderinos, durante 461 d\u00edas a Asturias, en\u00a0 la Transici\u00f3n\u00a0Gatopardista.<\/b><\/p>\n<p><b>En 40 a\u00f1os nunca trajeron los archivos de Salamanca\u00a0o del Ejercito correspondientes a Asturias, ni siquiera a los de Catalu\u00f1a.Sepultaron en el olvido a mujeres y hombre heroicos de nuestra tierra, mientras ellos viv\u00edan c\u00f3modamente\u00a0bajo la direcci\u00f3n de Fern\u00e1ndez Villa, dilapidando los Fondos Europeos, que se nos di\u00f3 al incorporarnos.<\/b><\/p>\n<p><b>Uno a uno se han solapado, son todos una generaci\u00f3n con nombres y apellidos, que responder\u00e1n m\u00e1s temprano\u00a0que tarde.<\/b><\/p>\n<p><b>No, las visitas tur\u00edsticas para ver aquellas trincheras de defensa, se llam\u00f3 la L\u00cdNEA\u00a0MAGINOT, y fueron hechas con tal vigor y profesionalidad que Galland el jefe de la Legi\u00f3n C\u00f3ndor, dijo que eran superiores nuestras defensas al cintur\u00f3n de hierro de Bilbao.<\/b><\/p>\n<p><b>No es casualidad que el No. 3 del\u00a0gran edificio\u00a0de El Parch\u00eds\u00a0no se haya rentado hace decenas de a\u00f1os, &#8220;por que era la oficina del Anticristo&#8221;.<\/b><\/p>\n<p><b>Si existen los muebles de esa oficina donde se firm\u00f3\u00a0la Soberan\u00eda de Asturias, se debe al Ej\u00e9rcito\u00a0Espa\u00f1ol que, no las dej\u00f3 en el olvido, sino quien\u00a0las mantuvo intactas durante 50 a\u00f1os y que nadie conoce.<\/b><\/p>\n<p><b>La &#8220;se\u00f1al&#8221; para la traici\u00f3n, surgi\u00f3 de Oviedo. Aranda traicion\u00f3 a la Rep\u00fablica\u00a0y luego a Franco al aceptar los 2 millones de d\u00f3lares de Inglaterra que le regal\u00f3\u00a0Juan March.<\/b><\/p>\n<p><b>\u00bf Cuantos dias\u00a0aguantarian estos dirigentes lights, si hubiera un levantamiento como en 1936.?.<\/b><\/p>\n<p><b>Mientras viven la comodidad de esta transici\u00f3n\u00a0gatopardista adormecida por el Estado del Bienestar, \u00bfpor favor que nadie\u00a0nos recuerde aquello que fu\u00e9\u00a0pasado ?.<\/b><\/p>\n<p><b>Cuando a las nuevas generaciones alguien\u00a0se atreva a ENSE\u00d1AR EN\u00a0LA ESCUELA\u00a0QUE PAS\u00d3, sus hijos y nietos se entristecer\u00e1\u00a0de aquellos &#8221; dirigentes&#8221; que durante 40 a\u00f1os ocultaron el p\u00e0sado.<\/b><\/p>\n<p><b>Hoy rendimos homenaje a los decenas de miles, sepultados\u00a0en el olvido<\/b><\/p>\n<p>&nbsp;<\/p>\n<p>&nbsp;<\/p>\n<p>&nbsp;<\/p>\n<!-- AddThis Advanced Settings generic via filter on the_content --><!-- AddThis Share Buttons generic via filter on the_content -->","protected":false},"excerpt":{"rendered":"<p>Los socialistas y comunistas asturianos &#8220;lights&#8221; de la transici\u00f3n, en especial a los socialistas dirigidos por Fern\u00e1ndez Villa, han sepultado en el olvido a las decenas de miles de mujeres y hombre que enfrentaron, en Gij\u00f3n, cobijando a vascos, santanderinos, durante 461 d\u00edas a Asturias, en\u00a0 la Transici\u00f3n\u00a0Gatopardista. En 40 a\u00f1os nunca trajeron los archivos [&hellip;]<!-- AddThis Advanced Settings generic via filter on get_the_excerpt --><!-- AddThis Share Buttons generic via filter on get_the_excerpt --><\/p>\n","protected":false},"author":16,"featured_media":0,"comment_status":"open","ping_status":"closed","sticky":false,"template":"","format":"standard","meta":[],"categories":[1],"tags":[],"_links":{"self":[{"href":"https:\/\/blogs.elcomercio.es\/reflexiones-de-belarmino\/wp-json\/wp\/v2\/posts\/24150"}],"collection":[{"href":"https:\/\/blogs.elcomercio.es\/reflexiones-de-belarmino\/wp-json\/wp\/v2\/posts"}],"about":[{"href":"https:\/\/blogs.elcomercio.es\/reflexiones-de-belarmino\/wp-json\/wp\/v2\/types\/post"}],"author":[{"embeddable":true,"href":"https:\/\/blogs.elcomercio.es\/reflexiones-de-belarmino\/wp-json\/wp\/v2\/users\/16"}],"replies":[{"embeddable":true,"href":"https:\/\/blogs.elcomercio.es\/reflexiones-de-belarmino\/wp-json\/wp\/v2\/comments?post=24150"}],"version-history":[{"count":4,"href":"https:\/\/blogs.elcomercio.es\/reflexiones-de-belarmino\/wp-json\/wp\/v2\/posts\/24150\/revisions"}],"predecessor-version":[{"id":24154,"href":"https:\/\/blogs.elcomercio.es\/reflexiones-de-belarmino\/wp-json\/wp\/v2\/posts\/24150\/revisions\/24154"}],"wp:attachment":[{"href":"https:\/\/blogs.elcomercio.es\/reflexiones-de-belarmino\/wp-json\/wp\/v2\/media?parent=24150"}],"wp:term":[{"taxonomy":"category","embeddable":true,"href":"https:\/\/blogs.elcomercio.es\/reflexiones-de-belarmino\/wp-json\/wp\/v2\/categories?post=24150"},{"taxonomy":"post_tag","embeddable":true,"href":"https:\/\/blogs.elcomercio.es\/reflexiones-de-belarmino\/wp-json\/wp\/v2\/tags?post=24150"}],"curies":[{"name":"wp","href":"https:\/\/api.w.org\/{rel}","templated":true}]}}