{"id":24184,"date":"2022-08-03T12:07:29","date_gmt":"2022-08-03T10:07:29","guid":{"rendered":"https:\/\/blogs.elcomercio.es\/reflexiones-de-belarmino\/?p=24184"},"modified":"2022-08-03T12:07:29","modified_gmt":"2022-08-03T10:07:29","slug":"estados-unidos-abre-tres-frentes-en-4-meses-rusia-china-y-los-yihadistas-cual-es-su-estrategia","status":"publish","type":"post","link":"https:\/\/blogs.elcomercio.es\/reflexiones-de-belarmino\/2022\/08\/03\/estados-unidos-abre-tres-frentes-en-4-meses-rusia-china-y-los-yihadistas-cual-es-su-estrategia\/","title":{"rendered":"\u00a1\u00a1\u00a1\u00a1ESTADOS UNIDOS ABRE TRES FRENTES EN 4 MESES: RUSIA, CHINA Y LOS YIHADISTAS.\u00bfCUAL ES SU ESTRATEGIA?!!!"},"content":{"rendered":"<p><b>En 4 meses Joe\u00a0BIden y los Estados Unidos han abierto tres frentes\u00a0de inestabilidad mundial, si bien al final Al Zawahiri\u00a0con 2 drones\u00a0en un balc\u00f3n, era una vieja demanda, lo cierto es que hoy, Estados Unidos est\u00e1 involucrado en Europa contra Rusia, en Oriente en la provocaci\u00f3n contra China y con alerta nacional contra los yihadistas, que se habr\u00e1n\u00a0unido ante su lider hist\u00f3rico.<\/b><\/p>\n<p><b>En una potencia con\u00a0 tal precisi\u00f3n y conocimientos como para saber cuando sal\u00eda al balc\u00f3n\u00a0el lider yihadista egipcio,y matarlo limpiamente con dos drones, esto no es casualidad es una estrategia, y debida al proceso\u00a0 interno de los Estados Unidos.<\/b><\/p>\n<p>&nbsp;<\/p>\n<p>&nbsp;<\/p>\n<!-- AddThis Advanced Settings generic via filter on the_content --><!-- AddThis Share Buttons generic via filter on the_content -->","protected":false},"excerpt":{"rendered":"<p>En 4 meses Joe\u00a0BIden y los Estados Unidos han abierto tres frentes\u00a0de inestabilidad mundial, si bien al final Al Zawahiri\u00a0con 2 drones\u00a0en un balc\u00f3n, era una vieja demanda, lo cierto es que hoy, Estados Unidos est\u00e1 involucrado en Europa contra Rusia, en Oriente en la provocaci\u00f3n contra China y con alerta nacional contra los yihadistas, [&hellip;]<!-- AddThis Advanced Settings generic via filter on get_the_excerpt --><!-- AddThis Share Buttons generic via filter on get_the_excerpt --><\/p>\n","protected":false},"author":16,"featured_media":0,"comment_status":"open","ping_status":"closed","sticky":false,"template":"","format":"standard","meta":[],"categories":[1],"tags":[],"_links":{"self":[{"href":"https:\/\/blogs.elcomercio.es\/reflexiones-de-belarmino\/wp-json\/wp\/v2\/posts\/24184"}],"collection":[{"href":"https:\/\/blogs.elcomercio.es\/reflexiones-de-belarmino\/wp-json\/wp\/v2\/posts"}],"about":[{"href":"https:\/\/blogs.elcomercio.es\/reflexiones-de-belarmino\/wp-json\/wp\/v2\/types\/post"}],"author":[{"embeddable":true,"href":"https:\/\/blogs.elcomercio.es\/reflexiones-de-belarmino\/wp-json\/wp\/v2\/users\/16"}],"replies":[{"embeddable":true,"href":"https:\/\/blogs.elcomercio.es\/reflexiones-de-belarmino\/wp-json\/wp\/v2\/comments?post=24184"}],"version-history":[{"count":2,"href":"https:\/\/blogs.elcomercio.es\/reflexiones-de-belarmino\/wp-json\/wp\/v2\/posts\/24184\/revisions"}],"predecessor-version":[{"id":24186,"href":"https:\/\/blogs.elcomercio.es\/reflexiones-de-belarmino\/wp-json\/wp\/v2\/posts\/24184\/revisions\/24186"}],"wp:attachment":[{"href":"https:\/\/blogs.elcomercio.es\/reflexiones-de-belarmino\/wp-json\/wp\/v2\/media?parent=24184"}],"wp:term":[{"taxonomy":"category","embeddable":true,"href":"https:\/\/blogs.elcomercio.es\/reflexiones-de-belarmino\/wp-json\/wp\/v2\/categories?post=24184"},{"taxonomy":"post_tag","embeddable":true,"href":"https:\/\/blogs.elcomercio.es\/reflexiones-de-belarmino\/wp-json\/wp\/v2\/tags?post=24184"}],"curies":[{"name":"wp","href":"https:\/\/api.w.org\/{rel}","templated":true}]}}