{"id":24187,"date":"2022-08-03T12:13:09","date_gmt":"2022-08-03T10:13:09","guid":{"rendered":"https:\/\/blogs.elcomercio.es\/reflexiones-de-belarmino\/?p=24187"},"modified":"2022-08-03T12:13:09","modified_gmt":"2022-08-03T10:13:09","slug":"en-kansas-city-un-referendum-abre-las-puertas-al-aborto-en-ee-uu-tras-la-decision-del-supremo","status":"publish","type":"post","link":"https:\/\/blogs.elcomercio.es\/reflexiones-de-belarmino\/2022\/08\/03\/en-kansas-city-un-referendum-abre-las-puertas-al-aborto-en-ee-uu-tras-la-decision-del-supremo\/","title":{"rendered":"\u00a1\u00a1\u00a1EN KANSAS CITY, UN REFER\u00c9NDUM, ABRE LAS PUERTAS AL ABORTO EN EE.UU. TRAS LA DECISI\u00d3N DEL SUPREMO !!!"},"content":{"rendered":"<p><b>Tendr\u00e1 todo que no guste, pero la estructura del Estado en aquel pa\u00eds, es tan s\u00f3lida, para hacer que los ojos que llevamos\u00a0puestos en Kansas City, hiciera\u00a0que el pueblo, en un refer\u00e9ndum, tirase la decisi\u00f3n del Supremo de abolir el aborto.<\/b><\/p>\n<p><b>Abre las puertas a que quede en manos de los estados esa medida y de los habitantes\u00a0del\u00a0pa\u00eds.En Kansas City se logr\u00f3 un refer\u00e9ndum\u00a0pero no todos los gobernadores lo van a hacer.<\/b><\/p>\n<p>&nbsp;<\/p>\n<!-- AddThis Advanced Settings generic via filter on the_content --><!-- AddThis Share Buttons generic via filter on the_content -->","protected":false},"excerpt":{"rendered":"<p>Tendr\u00e1 todo que no guste, pero la estructura del Estado en aquel pa\u00eds, es tan s\u00f3lida, para hacer que los ojos que llevamos\u00a0puestos en Kansas City, hiciera\u00a0que el pueblo, en un refer\u00e9ndum, tirase la decisi\u00f3n del Supremo de abolir el aborto. Abre las puertas a que quede en manos de los estados esa medida y [&hellip;]<!-- AddThis Advanced Settings generic via filter on get_the_excerpt --><!-- AddThis Share Buttons generic via filter on get_the_excerpt --><\/p>\n","protected":false},"author":16,"featured_media":0,"comment_status":"open","ping_status":"closed","sticky":false,"template":"","format":"standard","meta":[],"categories":[1],"tags":[],"_links":{"self":[{"href":"https:\/\/blogs.elcomercio.es\/reflexiones-de-belarmino\/wp-json\/wp\/v2\/posts\/24187"}],"collection":[{"href":"https:\/\/blogs.elcomercio.es\/reflexiones-de-belarmino\/wp-json\/wp\/v2\/posts"}],"about":[{"href":"https:\/\/blogs.elcomercio.es\/reflexiones-de-belarmino\/wp-json\/wp\/v2\/types\/post"}],"author":[{"embeddable":true,"href":"https:\/\/blogs.elcomercio.es\/reflexiones-de-belarmino\/wp-json\/wp\/v2\/users\/16"}],"replies":[{"embeddable":true,"href":"https:\/\/blogs.elcomercio.es\/reflexiones-de-belarmino\/wp-json\/wp\/v2\/comments?post=24187"}],"version-history":[{"count":1,"href":"https:\/\/blogs.elcomercio.es\/reflexiones-de-belarmino\/wp-json\/wp\/v2\/posts\/24187\/revisions"}],"predecessor-version":[{"id":24188,"href":"https:\/\/blogs.elcomercio.es\/reflexiones-de-belarmino\/wp-json\/wp\/v2\/posts\/24187\/revisions\/24188"}],"wp:attachment":[{"href":"https:\/\/blogs.elcomercio.es\/reflexiones-de-belarmino\/wp-json\/wp\/v2\/media?parent=24187"}],"wp:term":[{"taxonomy":"category","embeddable":true,"href":"https:\/\/blogs.elcomercio.es\/reflexiones-de-belarmino\/wp-json\/wp\/v2\/categories?post=24187"},{"taxonomy":"post_tag","embeddable":true,"href":"https:\/\/blogs.elcomercio.es\/reflexiones-de-belarmino\/wp-json\/wp\/v2\/tags?post=24187"}],"curies":[{"name":"wp","href":"https:\/\/api.w.org\/{rel}","templated":true}]}}