{"id":24191,"date":"2022-08-03T12:21:37","date_gmt":"2022-08-03T10:21:37","guid":{"rendered":"https:\/\/blogs.elcomercio.es\/reflexiones-de-belarmino\/?p=24191"},"modified":"2022-08-03T12:21:37","modified_gmt":"2022-08-03T10:21:37","slug":"enriquecimiento-ilicito-y-lavado-de-dinero-causas-para-investigar-a-pena-nieto-y-a-ohl","status":"publish","type":"post","link":"https:\/\/blogs.elcomercio.es\/reflexiones-de-belarmino\/2022\/08\/03\/enriquecimiento-ilicito-y-lavado-de-dinero-causas-para-investigar-a-pena-nieto-y-a-ohl\/","title":{"rendered":"\u00a1\u00a1\u00a1\u00a1&#8221;ENRIQUECIMIENTO IL\u00cdCITO Y LAVADO DE DINERO&#8221; CAUSAS PARA INVESTIGAR A PE\u00d1A NIETO Y A OHL !!!!"},"content":{"rendered":"<p><b>La Fiscal\u00eda General de la Rep\u00fablica, inici\u00f3\u00a0ayer una investigaci\u00f3n por enriquecimiento\u00a0il\u00edcito\u00a0y lavado de dinero, de un ex presidente de la Rep\u00fablica: Enrique Pe\u00f1a Nieto( 2012-2018).El primero en la historia.<\/b><b>En ella est\u00e1 investigada la empresa OHL de Villar Mir.<\/b><\/p>\n<!-- AddThis Advanced Settings generic via filter on the_content --><!-- AddThis Share Buttons generic via filter on the_content -->","protected":false},"excerpt":{"rendered":"<p>La Fiscal\u00eda General de la Rep\u00fablica, inici\u00f3\u00a0ayer una investigaci\u00f3n por enriquecimiento\u00a0il\u00edcito\u00a0y lavado de dinero, de un ex presidente de la Rep\u00fablica: Enrique Pe\u00f1a Nieto( 2012-2018).El primero en la historia.En ella est\u00e1 investigada la empresa OHL de Villar Mir.<!-- AddThis Advanced Settings generic via filter on get_the_excerpt --><!-- AddThis Share Buttons generic via filter on get_the_excerpt --><\/p>\n","protected":false},"author":16,"featured_media":0,"comment_status":"open","ping_status":"closed","sticky":false,"template":"","format":"standard","meta":[],"categories":[1],"tags":[],"_links":{"self":[{"href":"https:\/\/blogs.elcomercio.es\/reflexiones-de-belarmino\/wp-json\/wp\/v2\/posts\/24191"}],"collection":[{"href":"https:\/\/blogs.elcomercio.es\/reflexiones-de-belarmino\/wp-json\/wp\/v2\/posts"}],"about":[{"href":"https:\/\/blogs.elcomercio.es\/reflexiones-de-belarmino\/wp-json\/wp\/v2\/types\/post"}],"author":[{"embeddable":true,"href":"https:\/\/blogs.elcomercio.es\/reflexiones-de-belarmino\/wp-json\/wp\/v2\/users\/16"}],"replies":[{"embeddable":true,"href":"https:\/\/blogs.elcomercio.es\/reflexiones-de-belarmino\/wp-json\/wp\/v2\/comments?post=24191"}],"version-history":[{"count":1,"href":"https:\/\/blogs.elcomercio.es\/reflexiones-de-belarmino\/wp-json\/wp\/v2\/posts\/24191\/revisions"}],"predecessor-version":[{"id":24192,"href":"https:\/\/blogs.elcomercio.es\/reflexiones-de-belarmino\/wp-json\/wp\/v2\/posts\/24191\/revisions\/24192"}],"wp:attachment":[{"href":"https:\/\/blogs.elcomercio.es\/reflexiones-de-belarmino\/wp-json\/wp\/v2\/media?parent=24191"}],"wp:term":[{"taxonomy":"category","embeddable":true,"href":"https:\/\/blogs.elcomercio.es\/reflexiones-de-belarmino\/wp-json\/wp\/v2\/categories?post=24191"},{"taxonomy":"post_tag","embeddable":true,"href":"https:\/\/blogs.elcomercio.es\/reflexiones-de-belarmino\/wp-json\/wp\/v2\/tags?post=24191"}],"curies":[{"name":"wp","href":"https:\/\/api.w.org\/{rel}","templated":true}]}}