{"id":24196,"date":"2022-08-03T12:42:32","date_gmt":"2022-08-03T10:42:32","guid":{"rendered":"https:\/\/blogs.elcomercio.es\/reflexiones-de-belarmino\/?p=24196"},"modified":"2022-08-03T12:42:32","modified_gmt":"2022-08-03T10:42:32","slug":"lavrov-que-se-reune-el-viernes-con-clinken-en-camboya-dijo-ee-uu-quiere-demostrar-su-impunidad-mundial-tras-lo-de-taiwan","status":"publish","type":"post","link":"https:\/\/blogs.elcomercio.es\/reflexiones-de-belarmino\/2022\/08\/03\/lavrov-que-se-reune-el-viernes-con-clinken-en-camboya-dijo-ee-uu-quiere-demostrar-su-impunidad-mundial-tras-lo-de-taiwan\/","title":{"rendered":"\u00a1\u00a1\u00a1LAVROV QUE SE REUNE EL VIERNES CON CLINKEN EN CAMBOYA DIJO: &#8220;EE.UU QUIERE DEMOSTRAR SU IMPUNIDAD MUNDIAL, TRAS LO DE TAIWAN &#8220;!!!!"},"content":{"rendered":"<p><b>Ayer el Ministro de Exteriores de Rusia Sergei Lavrov, dijo que la acci\u00f3n de la visita de Nancy Pelosi a Taiw\u00e1n, es una muestra de los Estados Unidos para demostrar la imp\u00f9nidad mundial y hacer lo que quiera.<\/b><\/p>\n<p><b>El viernes se re\u00fane\u00a0con Blinken en Camboya, en la reuni\u00f3n de la Asociaci\u00f3n de Naciones del Sudeste\u00a0Asi\u00e1tico, donde adem\u00e1s estar\u00e1 China, Jap\u00f3n\u00a0y Australia.<\/b><\/p>\n<p>&nbsp;<\/p>\n<!-- AddThis Advanced Settings generic via filter on the_content --><!-- AddThis Share Buttons generic via filter on the_content -->","protected":false},"excerpt":{"rendered":"<p>Ayer el Ministro de Exteriores de Rusia Sergei Lavrov, dijo que la acci\u00f3n de la visita de Nancy Pelosi a Taiw\u00e1n, es una muestra de los Estados Unidos para demostrar la imp\u00f9nidad mundial y hacer lo que quiera. El viernes se re\u00fane\u00a0con Blinken en Camboya, en la reuni\u00f3n de la Asociaci\u00f3n de Naciones del Sudeste\u00a0Asi\u00e1tico, [&hellip;]<!-- AddThis Advanced Settings generic via filter on get_the_excerpt --><!-- AddThis Share Buttons generic via filter on get_the_excerpt --><\/p>\n","protected":false},"author":16,"featured_media":0,"comment_status":"open","ping_status":"closed","sticky":false,"template":"","format":"standard","meta":[],"categories":[1],"tags":[],"_links":{"self":[{"href":"https:\/\/blogs.elcomercio.es\/reflexiones-de-belarmino\/wp-json\/wp\/v2\/posts\/24196"}],"collection":[{"href":"https:\/\/blogs.elcomercio.es\/reflexiones-de-belarmino\/wp-json\/wp\/v2\/posts"}],"about":[{"href":"https:\/\/blogs.elcomercio.es\/reflexiones-de-belarmino\/wp-json\/wp\/v2\/types\/post"}],"author":[{"embeddable":true,"href":"https:\/\/blogs.elcomercio.es\/reflexiones-de-belarmino\/wp-json\/wp\/v2\/users\/16"}],"replies":[{"embeddable":true,"href":"https:\/\/blogs.elcomercio.es\/reflexiones-de-belarmino\/wp-json\/wp\/v2\/comments?post=24196"}],"version-history":[{"count":1,"href":"https:\/\/blogs.elcomercio.es\/reflexiones-de-belarmino\/wp-json\/wp\/v2\/posts\/24196\/revisions"}],"predecessor-version":[{"id":24197,"href":"https:\/\/blogs.elcomercio.es\/reflexiones-de-belarmino\/wp-json\/wp\/v2\/posts\/24196\/revisions\/24197"}],"wp:attachment":[{"href":"https:\/\/blogs.elcomercio.es\/reflexiones-de-belarmino\/wp-json\/wp\/v2\/media?parent=24196"}],"wp:term":[{"taxonomy":"category","embeddable":true,"href":"https:\/\/blogs.elcomercio.es\/reflexiones-de-belarmino\/wp-json\/wp\/v2\/categories?post=24196"},{"taxonomy":"post_tag","embeddable":true,"href":"https:\/\/blogs.elcomercio.es\/reflexiones-de-belarmino\/wp-json\/wp\/v2\/tags?post=24196"}],"curies":[{"name":"wp","href":"https:\/\/api.w.org\/{rel}","templated":true}]}}