{"id":24200,"date":"2022-08-03T13:09:37","date_gmt":"2022-08-03T11:09:37","guid":{"rendered":"https:\/\/blogs.elcomercio.es\/reflexiones-de-belarmino\/?p=24200"},"modified":"2022-08-03T13:09:37","modified_gmt":"2022-08-03T11:09:37","slug":"la-ilusion-rojiblanca-desborda-la-tribunona-reflejo-de-la-ilusion-por-un-trabajo-bien-hecho","status":"publish","type":"post","link":"https:\/\/blogs.elcomercio.es\/reflexiones-de-belarmino\/2022\/08\/03\/la-ilusion-rojiblanca-desborda-la-tribunona-reflejo-de-la-ilusion-por-un-trabajo-bien-hecho\/","title":{"rendered":"\u00a1\u00a1\u00a1\u00a1\u00a1LA ILUSION ROJIBLANCA DESBORDA LA TRIBUNONA, REFLEJO DE LA ILUSI\u00d3N POR UN TRABAJO BIEN HECHO !!"},"content":{"rendered":"<p><b>D\u00eda de los grandes tiempos. Ayer tras m\u00e1s de 20 a\u00f1os, se abri\u00f3 el Molin\u00f3n para presentar al equipo. 8,000 aficionados desbordan\u00a0la Tribunona y ah\u00ed en ese ambiente festivo, fueron entrando uno a uno de los nuevos fichajes, Cali Izquierdoz,Jos\u00e9 \u00c1ngel\u00a0&#8220;Cote&#8221;,Jony\u00a0Rodriguez, Jordan Carrillo y Cristo Gonz\u00e1lez\u00a0y recibidos con\u00a0fuertes aplausos, y el que sinti\u00f3 lo que es la afici\u00f3n hist\u00f3rica del Sporting fu\u00e9 Alejandro Irarragorri, quien acompa\u00f1ado por el hijo y la hija, recib\u00eda una cerrada ovaci\u00f3n de los asistentes.<\/b><\/p>\n<p><strong>En un mes el cambio es total y era lo que se necesitaba en el club.<\/strong><\/p>\n<p><b>El due\u00f1o y gestor del este proyecto, dijo:&#8221; Quiero agradecer su voto de confianza, lealtad infinita\u00a0por su pasi\u00f3n; el lujo de ser aficionados los tienen ustedes y reclamarlo\u00a0dentro y fuera de la cancha, que ahora es el SPORTING EL QUE TIENE QUE DEVOLVERLES LO QUE USTEDES LE HAN DADO &#8220;.<\/b><\/p>\n<p><strong>Buen principio, ilusionante.<\/strong><\/p>\n<p>&nbsp;<\/p>\n<!-- AddThis Advanced Settings generic via filter on the_content --><!-- AddThis Share Buttons generic via filter on the_content -->","protected":false},"excerpt":{"rendered":"<p>D\u00eda de los grandes tiempos. Ayer tras m\u00e1s de 20 a\u00f1os, se abri\u00f3 el Molin\u00f3n para presentar al equipo. 8,000 aficionados desbordan\u00a0la Tribunona y ah\u00ed en ese ambiente festivo, fueron entrando uno a uno de los nuevos fichajes, Cali Izquierdoz,Jos\u00e9 \u00c1ngel\u00a0&#8220;Cote&#8221;,Jony\u00a0Rodriguez, Jordan Carrillo y Cristo Gonz\u00e1lez\u00a0y recibidos con\u00a0fuertes aplausos, y el que sinti\u00f3 lo que [&hellip;]<!-- AddThis Advanced Settings generic via filter on get_the_excerpt --><!-- AddThis Share Buttons generic via filter on get_the_excerpt --><\/p>\n","protected":false},"author":16,"featured_media":0,"comment_status":"open","ping_status":"closed","sticky":false,"template":"","format":"standard","meta":[],"categories":[1],"tags":[],"_links":{"self":[{"href":"https:\/\/blogs.elcomercio.es\/reflexiones-de-belarmino\/wp-json\/wp\/v2\/posts\/24200"}],"collection":[{"href":"https:\/\/blogs.elcomercio.es\/reflexiones-de-belarmino\/wp-json\/wp\/v2\/posts"}],"about":[{"href":"https:\/\/blogs.elcomercio.es\/reflexiones-de-belarmino\/wp-json\/wp\/v2\/types\/post"}],"author":[{"embeddable":true,"href":"https:\/\/blogs.elcomercio.es\/reflexiones-de-belarmino\/wp-json\/wp\/v2\/users\/16"}],"replies":[{"embeddable":true,"href":"https:\/\/blogs.elcomercio.es\/reflexiones-de-belarmino\/wp-json\/wp\/v2\/comments?post=24200"}],"version-history":[{"count":2,"href":"https:\/\/blogs.elcomercio.es\/reflexiones-de-belarmino\/wp-json\/wp\/v2\/posts\/24200\/revisions"}],"predecessor-version":[{"id":24202,"href":"https:\/\/blogs.elcomercio.es\/reflexiones-de-belarmino\/wp-json\/wp\/v2\/posts\/24200\/revisions\/24202"}],"wp:attachment":[{"href":"https:\/\/blogs.elcomercio.es\/reflexiones-de-belarmino\/wp-json\/wp\/v2\/media?parent=24200"}],"wp:term":[{"taxonomy":"category","embeddable":true,"href":"https:\/\/blogs.elcomercio.es\/reflexiones-de-belarmino\/wp-json\/wp\/v2\/categories?post=24200"},{"taxonomy":"post_tag","embeddable":true,"href":"https:\/\/blogs.elcomercio.es\/reflexiones-de-belarmino\/wp-json\/wp\/v2\/tags?post=24200"}],"curies":[{"name":"wp","href":"https:\/\/api.w.org\/{rel}","templated":true}]}}