{"id":24230,"date":"2022-08-04T10:15:08","date_gmt":"2022-08-04T08:15:08","guid":{"rendered":"https:\/\/blogs.elcomercio.es\/reflexiones-de-belarmino\/?p=24230"},"modified":"2022-08-04T10:15:08","modified_gmt":"2022-08-04T08:15:08","slug":"mensaje-a-oviedo-el-opus-dei-pierde-poder-en-la-iglesia","status":"publish","type":"post","link":"https:\/\/blogs.elcomercio.es\/reflexiones-de-belarmino\/2022\/08\/04\/mensaje-a-oviedo-el-opus-dei-pierde-poder-en-la-iglesia\/","title":{"rendered":"\u00a1\u00a1\u00a1\u00a1 MENSAJE A OVIEDO.- EL OPUS DEI PIERDE PODER EN LA IGLESIA!!!"},"content":{"rendered":"<p><b>Francisco ha firmado una norma donde resta importancia a la Instituci\u00f3n y DEGRADA LA FIGURA DE SU L\u00cdDER\u00a0QUE NO PODR\u00c1 SER OBISPO .<\/b><\/p>\n<p><b>La oligarqu\u00eda de la calle Uria, sabe las consecuencias, despu\u00e9s de presumir que hombre a hombre OVIEDO ERA LA CIUDAD EN EL MUNDO CON\u00a0 M\u00c1S\u00a0MIEMBROS DEL OPUS DEI.<\/b><\/p>\n<p>&nbsp;<\/p>\n<!-- AddThis Advanced Settings generic via filter on the_content --><!-- AddThis Share Buttons generic via filter on the_content -->","protected":false},"excerpt":{"rendered":"<p>Francisco ha firmado una norma donde resta importancia a la Instituci\u00f3n y DEGRADA LA FIGURA DE SU L\u00cdDER\u00a0QUE NO PODR\u00c1 SER OBISPO . La oligarqu\u00eda de la calle Uria, sabe las consecuencias, despu\u00e9s de presumir que hombre a hombre OVIEDO ERA LA CIUDAD EN EL MUNDO CON\u00a0 M\u00c1S\u00a0MIEMBROS DEL OPUS DEI. &nbsp;<!-- AddThis Advanced Settings generic via filter on get_the_excerpt --><!-- AddThis Share Buttons generic via filter on get_the_excerpt --><\/p>\n","protected":false},"author":16,"featured_media":0,"comment_status":"open","ping_status":"closed","sticky":false,"template":"","format":"standard","meta":[],"categories":[1],"tags":[],"_links":{"self":[{"href":"https:\/\/blogs.elcomercio.es\/reflexiones-de-belarmino\/wp-json\/wp\/v2\/posts\/24230"}],"collection":[{"href":"https:\/\/blogs.elcomercio.es\/reflexiones-de-belarmino\/wp-json\/wp\/v2\/posts"}],"about":[{"href":"https:\/\/blogs.elcomercio.es\/reflexiones-de-belarmino\/wp-json\/wp\/v2\/types\/post"}],"author":[{"embeddable":true,"href":"https:\/\/blogs.elcomercio.es\/reflexiones-de-belarmino\/wp-json\/wp\/v2\/users\/16"}],"replies":[{"embeddable":true,"href":"https:\/\/blogs.elcomercio.es\/reflexiones-de-belarmino\/wp-json\/wp\/v2\/comments?post=24230"}],"version-history":[{"count":1,"href":"https:\/\/blogs.elcomercio.es\/reflexiones-de-belarmino\/wp-json\/wp\/v2\/posts\/24230\/revisions"}],"predecessor-version":[{"id":24231,"href":"https:\/\/blogs.elcomercio.es\/reflexiones-de-belarmino\/wp-json\/wp\/v2\/posts\/24230\/revisions\/24231"}],"wp:attachment":[{"href":"https:\/\/blogs.elcomercio.es\/reflexiones-de-belarmino\/wp-json\/wp\/v2\/media?parent=24230"}],"wp:term":[{"taxonomy":"category","embeddable":true,"href":"https:\/\/blogs.elcomercio.es\/reflexiones-de-belarmino\/wp-json\/wp\/v2\/categories?post=24230"},{"taxonomy":"post_tag","embeddable":true,"href":"https:\/\/blogs.elcomercio.es\/reflexiones-de-belarmino\/wp-json\/wp\/v2\/tags?post=24230"}],"curies":[{"name":"wp","href":"https:\/\/api.w.org\/{rel}","templated":true}]}}