{"id":24253,"date":"2022-08-05T09:05:51","date_gmt":"2022-08-05T07:05:51","guid":{"rendered":"https:\/\/blogs.elcomercio.es\/reflexiones-de-belarmino\/?p=24253"},"modified":"2022-08-05T09:05:51","modified_gmt":"2022-08-05T07:05:51","slug":"que-pasa-en-los-ee-uu-en-cuatro-meses-han-prendido-medio-mundose-acerca-noviembre-y-se-acaba-con-el-aborto","status":"publish","type":"post","link":"https:\/\/blogs.elcomercio.es\/reflexiones-de-belarmino\/2022\/08\/05\/que-pasa-en-los-ee-uu-en-cuatro-meses-han-prendido-medio-mundose-acerca-noviembre-y-se-acaba-con-el-aborto\/","title":{"rendered":"\u00a1\u00a1\u00a1\u00bf QU\u00c9 PASA EN LOS EE.UU.?. EN CUATRO MESES HAN PRENDIDO MEDIO MUNDO,SE ACERCA NOVIEMBRE Y SE ACABA CON EL ABORTO ?!!!"},"content":{"rendered":"<p><b>\u00bf Qu\u00e9 est\u00e1 pasando en los Estados Unidos?. En cuatro meses han prendido las tensiones en Europa,entre ellos y China, descoordinaci\u00f3n internacional,p\u00e9rdida\u00a0de una conquista de 50 a\u00f1os como el Derecho al Aborto y pavor por el \u00a0futuro,empezando con noviembre?-<\/b><\/p>\n<p><b>Dado todo su poder y deseando hacer muestra de la impunidad con que act\u00faan desde hace m\u00e1s de un siglo en el mundo, LA PRINCIPAL PREOCUPACI\u00d3N\u00a0MUNDIAL SE LLAMAN LOS ESTADOS UNIDOS DE NORTEAM\u00c9RICA..<\/b><\/p>\n<p><b>En Ucrania Rusia se quedar\u00e1 con una parte que siempre mantuvieron como sus fronteras seguras, el Donbass y Crimea; en China, m\u00e1s\u00a0tarde que temprano Taiw\u00e1n formar\u00e1 parte del segundo pa\u00eds\u00a0mas poderoso del mundo en forma formal dado que legalmente tiene el apoyo de 181 paises entre ellos los Estados Unidos..<\/b><\/p>\n<p><b>Pero, \u00bfy en Estados Unidos ?. Desunidos, con futuro\u00a0incierto, han provocado con sus acciones crisis\u00a0financieras que nos acercan\u00a0 a la recesi\u00f3n, crisis energ\u00e9ticas.<\/b><\/p>\n<p><strong>Propaganda de todos Occidente, Rusia y China, aparte, la realidad, para nosotros es el pavor para evitar que se fracturen los EE:UU..<\/strong><\/p>\n<p><strong>En el marco mundial, han unido en su contra a China, Rusia, Medio Oriente, Africa y parte de Am\u00e9rica Latina.En 4 meses.<\/strong><\/p>\n<p>&nbsp;<\/p>\n<!-- AddThis Advanced Settings generic via filter on the_content --><!-- AddThis Share Buttons generic via filter on the_content -->","protected":false},"excerpt":{"rendered":"<p>\u00bf Qu\u00e9 est\u00e1 pasando en los Estados Unidos?. En cuatro meses han prendido las tensiones en Europa,entre ellos y China, descoordinaci\u00f3n internacional,p\u00e9rdida\u00a0de una conquista de 50 a\u00f1os como el Derecho al Aborto y pavor por el \u00a0futuro,empezando con noviembre?- Dado todo su poder y deseando hacer muestra de la impunidad con que act\u00faan desde hace [&hellip;]<!-- AddThis Advanced Settings generic via filter on get_the_excerpt --><!-- AddThis Share Buttons generic via filter on get_the_excerpt --><\/p>\n","protected":false},"author":16,"featured_media":0,"comment_status":"open","ping_status":"closed","sticky":false,"template":"","format":"standard","meta":[],"categories":[1],"tags":[],"_links":{"self":[{"href":"https:\/\/blogs.elcomercio.es\/reflexiones-de-belarmino\/wp-json\/wp\/v2\/posts\/24253"}],"collection":[{"href":"https:\/\/blogs.elcomercio.es\/reflexiones-de-belarmino\/wp-json\/wp\/v2\/posts"}],"about":[{"href":"https:\/\/blogs.elcomercio.es\/reflexiones-de-belarmino\/wp-json\/wp\/v2\/types\/post"}],"author":[{"embeddable":true,"href":"https:\/\/blogs.elcomercio.es\/reflexiones-de-belarmino\/wp-json\/wp\/v2\/users\/16"}],"replies":[{"embeddable":true,"href":"https:\/\/blogs.elcomercio.es\/reflexiones-de-belarmino\/wp-json\/wp\/v2\/comments?post=24253"}],"version-history":[{"count":1,"href":"https:\/\/blogs.elcomercio.es\/reflexiones-de-belarmino\/wp-json\/wp\/v2\/posts\/24253\/revisions"}],"predecessor-version":[{"id":24254,"href":"https:\/\/blogs.elcomercio.es\/reflexiones-de-belarmino\/wp-json\/wp\/v2\/posts\/24253\/revisions\/24254"}],"wp:attachment":[{"href":"https:\/\/blogs.elcomercio.es\/reflexiones-de-belarmino\/wp-json\/wp\/v2\/media?parent=24253"}],"wp:term":[{"taxonomy":"category","embeddable":true,"href":"https:\/\/blogs.elcomercio.es\/reflexiones-de-belarmino\/wp-json\/wp\/v2\/categories?post=24253"},{"taxonomy":"post_tag","embeddable":true,"href":"https:\/\/blogs.elcomercio.es\/reflexiones-de-belarmino\/wp-json\/wp\/v2\/tags?post=24253"}],"curies":[{"name":"wp","href":"https:\/\/api.w.org\/{rel}","templated":true}]}}