{"id":24261,"date":"2022-08-05T10:32:38","date_gmt":"2022-08-05T08:32:38","guid":{"rendered":"https:\/\/blogs.elcomercio.es\/reflexiones-de-belarmino\/?p=24261"},"modified":"2022-08-05T10:32:38","modified_gmt":"2022-08-05T08:32:38","slug":"buenas-noticias-salen-3-barcos-mas-y-manana-se-entrevistan-en-sochi-putin-y-erdogan","status":"publish","type":"post","link":"https:\/\/blogs.elcomercio.es\/reflexiones-de-belarmino\/2022\/08\/05\/buenas-noticias-salen-3-barcos-mas-y-manana-se-entrevistan-en-sochi-putin-y-erdogan\/","title":{"rendered":"\u00a1\u00a1\u00a1BUENAS NOTICIAS.. SALEN 3 BARCOS M\u00c1S Y MA\u00d1ANA SE ENTREVISTAN EN SOCHI PUTIN Y ERDOGAN !!!"},"content":{"rendered":"<p><b>Hoy viernes si los habitantes de\u00a0Taiw\u00e1n siguen sufriendo, hasta el lunes, de la maniobras militares de la historia sobre Taiw\u00e1n, y muchos de sus habitantes y dirigentes lamentaron\u00a0la visita de la se\u00f1ora\u00a0Pelosi, hoy han salido tres barcos mar con cereales por el Mar Negro hacia sus hambrientos\u00a0destinos.<\/b><\/p>\n<p><b>Ma\u00f1ana en Sochi, Erdogan\u00a0el \u00fanico lider europeo con quien acepta reunirse Putin, durante dos d\u00edas en el balneario\u00a0de Sochi, a orillas del Mar Negr0, se reunir\u00e1 con \u00e9l.El camino hacia una paz duradera que m\u00e1s temprano que tarde llegar\u00e1\u00a0tendr\u00e1 a este hombre como una figura central.<\/b><\/p>\n<p>&nbsp;<\/p>\n<!-- AddThis Advanced Settings generic via filter on the_content --><!-- AddThis Share Buttons generic via filter on the_content -->","protected":false},"excerpt":{"rendered":"<p>Hoy viernes si los habitantes de\u00a0Taiw\u00e1n siguen sufriendo, hasta el lunes, de la maniobras militares de la historia sobre Taiw\u00e1n, y muchos de sus habitantes y dirigentes lamentaron\u00a0la visita de la se\u00f1ora\u00a0Pelosi, hoy han salido tres barcos mar con cereales por el Mar Negro hacia sus hambrientos\u00a0destinos. Ma\u00f1ana en Sochi, Erdogan\u00a0el \u00fanico lider europeo con [&hellip;]<!-- AddThis Advanced Settings generic via filter on get_the_excerpt --><!-- AddThis Share Buttons generic via filter on get_the_excerpt --><\/p>\n","protected":false},"author":16,"featured_media":0,"comment_status":"open","ping_status":"closed","sticky":false,"template":"","format":"standard","meta":[],"categories":[1],"tags":[],"_links":{"self":[{"href":"https:\/\/blogs.elcomercio.es\/reflexiones-de-belarmino\/wp-json\/wp\/v2\/posts\/24261"}],"collection":[{"href":"https:\/\/blogs.elcomercio.es\/reflexiones-de-belarmino\/wp-json\/wp\/v2\/posts"}],"about":[{"href":"https:\/\/blogs.elcomercio.es\/reflexiones-de-belarmino\/wp-json\/wp\/v2\/types\/post"}],"author":[{"embeddable":true,"href":"https:\/\/blogs.elcomercio.es\/reflexiones-de-belarmino\/wp-json\/wp\/v2\/users\/16"}],"replies":[{"embeddable":true,"href":"https:\/\/blogs.elcomercio.es\/reflexiones-de-belarmino\/wp-json\/wp\/v2\/comments?post=24261"}],"version-history":[{"count":2,"href":"https:\/\/blogs.elcomercio.es\/reflexiones-de-belarmino\/wp-json\/wp\/v2\/posts\/24261\/revisions"}],"predecessor-version":[{"id":24263,"href":"https:\/\/blogs.elcomercio.es\/reflexiones-de-belarmino\/wp-json\/wp\/v2\/posts\/24261\/revisions\/24263"}],"wp:attachment":[{"href":"https:\/\/blogs.elcomercio.es\/reflexiones-de-belarmino\/wp-json\/wp\/v2\/media?parent=24261"}],"wp:term":[{"taxonomy":"category","embeddable":true,"href":"https:\/\/blogs.elcomercio.es\/reflexiones-de-belarmino\/wp-json\/wp\/v2\/categories?post=24261"},{"taxonomy":"post_tag","embeddable":true,"href":"https:\/\/blogs.elcomercio.es\/reflexiones-de-belarmino\/wp-json\/wp\/v2\/tags?post=24261"}],"curies":[{"name":"wp","href":"https:\/\/api.w.org\/{rel}","templated":true}]}}