{"id":24264,"date":"2022-08-05T10:55:25","date_gmt":"2022-08-05T08:55:25","guid":{"rendered":"https:\/\/blogs.elcomercio.es\/reflexiones-de-belarmino\/?p=24264"},"modified":"2022-08-05T10:55:25","modified_gmt":"2022-08-05T08:55:25","slug":"francisco-liquida-la-herencia-ultra-de-juan-pablo-iilos-legionarios-y-el-opus","status":"publish","type":"post","link":"https:\/\/blogs.elcomercio.es\/reflexiones-de-belarmino\/2022\/08\/05\/francisco-liquida-la-herencia-ultra-de-juan-pablo-iilos-legionarios-y-el-opus\/","title":{"rendered":"\u00a1\u00a1\u00a1\u00a1\u00a1FRANCISCO LIQUIDA LA HERENCIA ULTRA DE JUAN PABLO II:LOS LEGIONARIOS Y EL OPUS !!!"},"content":{"rendered":"<p><b>Cuando hace 35 a\u00f1os viv\u00ed de cerca\u00a0el asesinato del cardenal\u00a0Posadas Ocampo en Guadalajara, y la intenci\u00f3n de que un arzobispo de 1.85 metros, que hablaba 5 idiomas y se paseaba en El Vaticano como Pez en el agua, llamado Emilio Carlos Berlie Belaunzar\u00e1n, ligado al C\u00e1rtel\u00a0de Tijuana,\u00a0 en una asociaci\u00f3n\u00a0Juan Pablo II, Marcial Maciel y el Presidente Carlos Salinas\u00a0de Gortari, sab\u00eda que buscaban parar a alguien, pero no sab\u00eda que hab\u00eda detr\u00e1s.<\/b><\/p>\n<p><strong>En error de Emilio Carlos le cost\u00f3 el proyecto, y 35 a\u00f1os despu\u00e9s lo entend\u00ed: Hab\u00eda que parar a aquel jesuita argentino, para que no llegara.<\/strong><\/p>\n<p><b>Pero Francisco lleg\u00f3, y anteayer termin\u00f3 fulminando al sector ultra de la Iglesia, la que estaba tras Juan Pablo II. Primero fueron los Legionarios de Cristo y ayer fulmin\u00f3 al OPus Dei, casi un siglo despu\u00e9s de que Escriv\u00e1 Balaguer\u00a0lo fundase. El lider del OPus deja de Pertenecer del Papa y no p\u00f2dr\u00e1 ser electo obispo.<\/b><\/p>\n<p><b>Oviedo, el de la se\u00f1al de la traici\u00f3n\u00a0que comentaba Antonio Masip, en referencia a aquel Teniente\u00a0Coronel Aranda que el 28 de julio de 1936, manifest\u00f3 su lealtad al gobierno, le pidi\u00f3 a los dirigentes de la Rep\u00fablica que mandasen a defender a Madrid, a los 5,000 mejores hombres de Asturias y que cuando ellos le pidieron\u00a0armas, les respondi\u00f3: &#8221; En Le\u00f3n, all\u00ed se los dan &#8220;.<\/b><\/p>\n<p><b>2,000 por carretera\u00a0y 3,000 en ferrocarril, al llegar a Le\u00f3n, supieron de la traici\u00f3n.<\/b><\/p>\n<p><b>En cuanto dejaron el territorio asturiano, se levant\u00f3, sac\u00f3 al ej\u00e9rcito\u00a0a las calles, reprimi\u00f3 al pueblo que sali\u00f3 a protestar\u00a0entre ellos al rector de la UNiversidad, el hijo de Leopoldo Alas Clar\u00edn, que fusil\u00f3, dolido porque\u00a0\u00a0que en La Regenta,\u00a0 se exhibi\u00f3\u00a0la doble hipocres\u00eda\u00a0de la Iglesia y la oligarqu\u00eda de la Calle Ur\u00eda, y que termin\u00f3 traicionando\u00a0en 1940 a Franco a cambio de 2 millones de d\u00f3lares, que los ingleses, le dieron a trav\u00e9s de Juan March.<\/b><\/p>\n<p><b>Esa ciudad asturiana hoy est\u00e1 de luto: SE LES ACAB\u00d3\u00a0EL OPUS&#8230;&#8230;..<\/b><\/p>\n<p>&nbsp;<\/p>\n<p>&nbsp;<\/p>\n<p>&nbsp;<\/p>\n<!-- AddThis Advanced Settings generic via filter on the_content --><!-- AddThis Share Buttons generic via filter on the_content -->","protected":false},"excerpt":{"rendered":"<p>Cuando hace 35 a\u00f1os viv\u00ed de cerca\u00a0el asesinato del cardenal\u00a0Posadas Ocampo en Guadalajara, y la intenci\u00f3n de que un arzobispo de 1.85 metros, que hablaba 5 idiomas y se paseaba en El Vaticano como Pez en el agua, llamado Emilio Carlos Berlie Belaunzar\u00e1n, ligado al C\u00e1rtel\u00a0de Tijuana,\u00a0 en una asociaci\u00f3n\u00a0Juan Pablo II, Marcial Maciel y [&hellip;]<!-- AddThis Advanced Settings generic via filter on get_the_excerpt --><!-- AddThis Share Buttons generic via filter on get_the_excerpt --><\/p>\n","protected":false},"author":16,"featured_media":0,"comment_status":"open","ping_status":"closed","sticky":false,"template":"","format":"standard","meta":[],"categories":[1],"tags":[],"_links":{"self":[{"href":"https:\/\/blogs.elcomercio.es\/reflexiones-de-belarmino\/wp-json\/wp\/v2\/posts\/24264"}],"collection":[{"href":"https:\/\/blogs.elcomercio.es\/reflexiones-de-belarmino\/wp-json\/wp\/v2\/posts"}],"about":[{"href":"https:\/\/blogs.elcomercio.es\/reflexiones-de-belarmino\/wp-json\/wp\/v2\/types\/post"}],"author":[{"embeddable":true,"href":"https:\/\/blogs.elcomercio.es\/reflexiones-de-belarmino\/wp-json\/wp\/v2\/users\/16"}],"replies":[{"embeddable":true,"href":"https:\/\/blogs.elcomercio.es\/reflexiones-de-belarmino\/wp-json\/wp\/v2\/comments?post=24264"}],"version-history":[{"count":2,"href":"https:\/\/blogs.elcomercio.es\/reflexiones-de-belarmino\/wp-json\/wp\/v2\/posts\/24264\/revisions"}],"predecessor-version":[{"id":24266,"href":"https:\/\/blogs.elcomercio.es\/reflexiones-de-belarmino\/wp-json\/wp\/v2\/posts\/24264\/revisions\/24266"}],"wp:attachment":[{"href":"https:\/\/blogs.elcomercio.es\/reflexiones-de-belarmino\/wp-json\/wp\/v2\/media?parent=24264"}],"wp:term":[{"taxonomy":"category","embeddable":true,"href":"https:\/\/blogs.elcomercio.es\/reflexiones-de-belarmino\/wp-json\/wp\/v2\/categories?post=24264"},{"taxonomy":"post_tag","embeddable":true,"href":"https:\/\/blogs.elcomercio.es\/reflexiones-de-belarmino\/wp-json\/wp\/v2\/tags?post=24264"}],"curies":[{"name":"wp","href":"https:\/\/api.w.org\/{rel}","templated":true}]}}