{"id":24355,"date":"2022-08-09T09:03:58","date_gmt":"2022-08-09T07:03:58","guid":{"rendered":"https:\/\/blogs.elcomercio.es\/reflexiones-de-belarmino\/?p=24355"},"modified":"2022-08-09T09:03:58","modified_gmt":"2022-08-09T07:03:58","slug":"cuidado-con-zaporiyia","status":"publish","type":"post","link":"https:\/\/blogs.elcomercio.es\/reflexiones-de-belarmino\/2022\/08\/09\/cuidado-con-zaporiyia\/","title":{"rendered":"\u00a1\u00a1\u00a1\u00a1CUIDADO, CON ZAPORIYIA !!!"},"content":{"rendered":"<p><b>Zaporiyia, la central nuclear m\u00e1s grande de Europa, fue tomada hace un mes por Rusia.Se atrincheraron all\u00ed, fortalecieron su base militar all\u00ed que ha querido ser\u00a0recuperada\u00a0por Ucrania. En ese marco la central ha sido convertida en este momento en el foco de mayor tensi\u00f3n no s\u00f3lo en la ciudad sino en toda esa zona\u00a0 de Europa.<\/b><strong>\u00a0<\/strong><\/p>\n<!-- AddThis Advanced Settings generic via filter on the_content --><!-- AddThis Share Buttons generic via filter on the_content -->","protected":false},"excerpt":{"rendered":"<p>Zaporiyia, la central nuclear m\u00e1s grande de Europa, fue tomada hace un mes por Rusia.Se atrincheraron all\u00ed, fortalecieron su base militar all\u00ed que ha querido ser\u00a0recuperada\u00a0por Ucrania. En ese marco la central ha sido convertida en este momento en el foco de mayor tensi\u00f3n no s\u00f3lo en la ciudad sino en toda esa zona\u00a0 de [&hellip;]<!-- AddThis Advanced Settings generic via filter on get_the_excerpt --><!-- AddThis Share Buttons generic via filter on get_the_excerpt --><\/p>\n","protected":false},"author":16,"featured_media":0,"comment_status":"open","ping_status":"closed","sticky":false,"template":"","format":"standard","meta":[],"categories":[1],"tags":[],"_links":{"self":[{"href":"https:\/\/blogs.elcomercio.es\/reflexiones-de-belarmino\/wp-json\/wp\/v2\/posts\/24355"}],"collection":[{"href":"https:\/\/blogs.elcomercio.es\/reflexiones-de-belarmino\/wp-json\/wp\/v2\/posts"}],"about":[{"href":"https:\/\/blogs.elcomercio.es\/reflexiones-de-belarmino\/wp-json\/wp\/v2\/types\/post"}],"author":[{"embeddable":true,"href":"https:\/\/blogs.elcomercio.es\/reflexiones-de-belarmino\/wp-json\/wp\/v2\/users\/16"}],"replies":[{"embeddable":true,"href":"https:\/\/blogs.elcomercio.es\/reflexiones-de-belarmino\/wp-json\/wp\/v2\/comments?post=24355"}],"version-history":[{"count":1,"href":"https:\/\/blogs.elcomercio.es\/reflexiones-de-belarmino\/wp-json\/wp\/v2\/posts\/24355\/revisions"}],"predecessor-version":[{"id":24356,"href":"https:\/\/blogs.elcomercio.es\/reflexiones-de-belarmino\/wp-json\/wp\/v2\/posts\/24355\/revisions\/24356"}],"wp:attachment":[{"href":"https:\/\/blogs.elcomercio.es\/reflexiones-de-belarmino\/wp-json\/wp\/v2\/media?parent=24355"}],"wp:term":[{"taxonomy":"category","embeddable":true,"href":"https:\/\/blogs.elcomercio.es\/reflexiones-de-belarmino\/wp-json\/wp\/v2\/categories?post=24355"},{"taxonomy":"post_tag","embeddable":true,"href":"https:\/\/blogs.elcomercio.es\/reflexiones-de-belarmino\/wp-json\/wp\/v2\/tags?post=24355"}],"curies":[{"name":"wp","href":"https:\/\/api.w.org\/{rel}","templated":true}]}}