{"id":24357,"date":"2022-08-09T09:59:53","date_gmt":"2022-08-09T07:59:53","guid":{"rendered":"https:\/\/blogs.elcomercio.es\/reflexiones-de-belarmino\/?p=24357"},"modified":"2022-08-09T09:59:53","modified_gmt":"2022-08-09T07:59:53","slug":"mientras-los-alemanes-racionan-las-duchas-la-derecha-espanola-una-de-las-mas-atrasadas-de-europa-rechaza-las-medidas","status":"publish","type":"post","link":"https:\/\/blogs.elcomercio.es\/reflexiones-de-belarmino\/2022\/08\/09\/mientras-los-alemanes-racionan-las-duchas-la-derecha-espanola-una-de-las-mas-atrasadas-de-europa-rechaza-las-medidas\/","title":{"rendered":"\u00a1\u00a1\u00a1\u00a1MIENTRAS LOS ALEMANES RACIONAN LAS DUCHAS, LA DERECHA ESPA\u00d1OLA, UNA DE LAS M\u00c1S ATRASADAS DE EUROPA, RECHAZA LAS MEDIDAS !!!"},"content":{"rendered":"<p><b>La derecha espa\u00f1ola, a lo largo de la historia con la Iglesia Cat\u00f3lica al frente, y esto no es leyenda negra, siempre\u00a0va a\u00f1os luz de los cambios de &#8220;nuestro entorno&#8221;.Mientras los alemanes est\u00e1n racionando hasta el tiempo\u00a0de las duchas,\u00a0 el PP, y VOX, se oponen\u00a0a las medidas del gobierno, que son las de Europa, en el ahorro energ\u00e9tico.<\/b><\/p>\n<p><b>En su tradicional ignorancia, D\u00edaz Ayuso, arguye que sin luces Madrid se ver\u00e1 triste, ante el silencio del hombre que est\u00e1 mostrando que le falta nivel para dirigir m\u00e1s all\u00e1 de su Autonom\u00eda, y menos Espa\u00f1a, calla, incorpor\u00e1ndose\u00a0a sus barones.<\/b><\/p>\n<p><strong>Estas medidas no de cumplimiento obligatorio, como obligatorias van a ser las derrotas de 2023 y 2024.<\/strong><\/p>\n<p><strong>Al tiempo.<\/strong><\/p>\n<p>&nbsp;<\/p>\n<!-- AddThis Advanced Settings generic via filter on the_content --><!-- AddThis Share Buttons generic via filter on the_content -->","protected":false},"excerpt":{"rendered":"<p>La derecha espa\u00f1ola, a lo largo de la historia con la Iglesia Cat\u00f3lica al frente, y esto no es leyenda negra, siempre\u00a0va a\u00f1os luz de los cambios de &#8220;nuestro entorno&#8221;.Mientras los alemanes est\u00e1n racionando hasta el tiempo\u00a0de las duchas,\u00a0 el PP, y VOX, se oponen\u00a0a las medidas del gobierno, que son las de Europa, en [&hellip;]<!-- AddThis Advanced Settings generic via filter on get_the_excerpt --><!-- AddThis Share Buttons generic via filter on get_the_excerpt --><\/p>\n","protected":false},"author":16,"featured_media":0,"comment_status":"open","ping_status":"closed","sticky":false,"template":"","format":"standard","meta":[],"categories":[1],"tags":[],"_links":{"self":[{"href":"https:\/\/blogs.elcomercio.es\/reflexiones-de-belarmino\/wp-json\/wp\/v2\/posts\/24357"}],"collection":[{"href":"https:\/\/blogs.elcomercio.es\/reflexiones-de-belarmino\/wp-json\/wp\/v2\/posts"}],"about":[{"href":"https:\/\/blogs.elcomercio.es\/reflexiones-de-belarmino\/wp-json\/wp\/v2\/types\/post"}],"author":[{"embeddable":true,"href":"https:\/\/blogs.elcomercio.es\/reflexiones-de-belarmino\/wp-json\/wp\/v2\/users\/16"}],"replies":[{"embeddable":true,"href":"https:\/\/blogs.elcomercio.es\/reflexiones-de-belarmino\/wp-json\/wp\/v2\/comments?post=24357"}],"version-history":[{"count":2,"href":"https:\/\/blogs.elcomercio.es\/reflexiones-de-belarmino\/wp-json\/wp\/v2\/posts\/24357\/revisions"}],"predecessor-version":[{"id":24359,"href":"https:\/\/blogs.elcomercio.es\/reflexiones-de-belarmino\/wp-json\/wp\/v2\/posts\/24357\/revisions\/24359"}],"wp:attachment":[{"href":"https:\/\/blogs.elcomercio.es\/reflexiones-de-belarmino\/wp-json\/wp\/v2\/media?parent=24357"}],"wp:term":[{"taxonomy":"category","embeddable":true,"href":"https:\/\/blogs.elcomercio.es\/reflexiones-de-belarmino\/wp-json\/wp\/v2\/categories?post=24357"},{"taxonomy":"post_tag","embeddable":true,"href":"https:\/\/blogs.elcomercio.es\/reflexiones-de-belarmino\/wp-json\/wp\/v2\/tags?post=24357"}],"curies":[{"name":"wp","href":"https:\/\/api.w.org\/{rel}","templated":true}]}}