{"id":24381,"date":"2022-08-10T09:00:46","date_gmt":"2022-08-10T07:00:46","guid":{"rendered":"https:\/\/blogs.elcomercio.es\/reflexiones-de-belarmino\/?p=24381"},"modified":"2022-08-10T09:00:46","modified_gmt":"2022-08-10T07:00:46","slug":"la-entrada-en-la-casa-de-trump-polariza-al-pais-todo-dependera-de-lo-que-encuentren","status":"publish","type":"post","link":"https:\/\/blogs.elcomercio.es\/reflexiones-de-belarmino\/2022\/08\/10\/la-entrada-en-la-casa-de-trump-polariza-al-pais-todo-dependera-de-lo-que-encuentren\/","title":{"rendered":"\u00a1\u00a1\u00a1\u00a1\u00a1\u00a1LA ENTRADA EN LA CASA DE TRUMP POLARIZA AL PA\u00cdS. TODO DEPENDER\u00c1 DE LO QUE ENCUENTREN !!!! ."},"content":{"rendered":"<p><b>Por supuesto el partido Republicano y los simpatizantes de TRump protestaron airadamente, lo que polariza m\u00e1s la divisi\u00f3n del pa\u00eds. Sin embargo todo depender\u00e1 de lo que hayan encontrado.De nada a los documentos que lo llevar\u00edan\u00a0a una acci\u00f3n\u00a0penal que ele impedir\u00eda regresar.La Casa Blanaca informa que Biden no estaba\u00a0<\/b><b>enterado<\/b><\/p>\n<!-- AddThis Advanced Settings generic via filter on the_content --><!-- AddThis Share Buttons generic via filter on the_content -->","protected":false},"excerpt":{"rendered":"<p>Por supuesto el partido Republicano y los simpatizantes de TRump protestaron airadamente, lo que polariza m\u00e1s la divisi\u00f3n del pa\u00eds. Sin embargo todo depender\u00e1 de lo que hayan encontrado.De nada a los documentos que lo llevar\u00edan\u00a0a una acci\u00f3n\u00a0penal que ele impedir\u00eda regresar.La Casa Blanaca informa que Biden no estaba\u00a0enterado<!-- AddThis Advanced Settings generic via filter on get_the_excerpt --><!-- AddThis Share Buttons generic via filter on get_the_excerpt --><\/p>\n","protected":false},"author":16,"featured_media":0,"comment_status":"open","ping_status":"closed","sticky":false,"template":"","format":"standard","meta":[],"categories":[1],"tags":[],"_links":{"self":[{"href":"https:\/\/blogs.elcomercio.es\/reflexiones-de-belarmino\/wp-json\/wp\/v2\/posts\/24381"}],"collection":[{"href":"https:\/\/blogs.elcomercio.es\/reflexiones-de-belarmino\/wp-json\/wp\/v2\/posts"}],"about":[{"href":"https:\/\/blogs.elcomercio.es\/reflexiones-de-belarmino\/wp-json\/wp\/v2\/types\/post"}],"author":[{"embeddable":true,"href":"https:\/\/blogs.elcomercio.es\/reflexiones-de-belarmino\/wp-json\/wp\/v2\/users\/16"}],"replies":[{"embeddable":true,"href":"https:\/\/blogs.elcomercio.es\/reflexiones-de-belarmino\/wp-json\/wp\/v2\/comments?post=24381"}],"version-history":[{"count":1,"href":"https:\/\/blogs.elcomercio.es\/reflexiones-de-belarmino\/wp-json\/wp\/v2\/posts\/24381\/revisions"}],"predecessor-version":[{"id":24382,"href":"https:\/\/blogs.elcomercio.es\/reflexiones-de-belarmino\/wp-json\/wp\/v2\/posts\/24381\/revisions\/24382"}],"wp:attachment":[{"href":"https:\/\/blogs.elcomercio.es\/reflexiones-de-belarmino\/wp-json\/wp\/v2\/media?parent=24381"}],"wp:term":[{"taxonomy":"category","embeddable":true,"href":"https:\/\/blogs.elcomercio.es\/reflexiones-de-belarmino\/wp-json\/wp\/v2\/categories?post=24381"},{"taxonomy":"post_tag","embeddable":true,"href":"https:\/\/blogs.elcomercio.es\/reflexiones-de-belarmino\/wp-json\/wp\/v2\/tags?post=24381"}],"curies":[{"name":"wp","href":"https:\/\/api.w.org\/{rel}","templated":true}]}}