{"id":24383,"date":"2022-08-10T09:10:34","date_gmt":"2022-08-10T07:10:34","guid":{"rendered":"https:\/\/blogs.elcomercio.es\/reflexiones-de-belarmino\/?p=24383"},"modified":"2022-08-10T09:10:34","modified_gmt":"2022-08-10T07:10:34","slug":"antes-ibamos-por-ir-ahora-por-ilusion-aficionados-sporting-mientras-el-presidente-del-oviedo-hace-fila-para-ser-socio","status":"publish","type":"post","link":"https:\/\/blogs.elcomercio.es\/reflexiones-de-belarmino\/2022\/08\/10\/antes-ibamos-por-ir-ahora-por-ilusion-aficionados-sporting-mientras-el-presidente-del-oviedo-hace-fila-para-ser-socio\/","title":{"rendered":"\u00a1\u00a1\u00a1\u00a1\u00a1&#8221;ANTES IBAMOS POR IR, AHORA POR ILUSION&#8221; AFICIONADOS SPORTING, MIENTRAS EL PRESIDENTE DEL OVIEDO HACE FILA PARA SER SOCIO !!!"},"content":{"rendered":"<p><b>Mientras el car\u00e1cter\u00a0popular de Jes\u00fas Mart\u00ednez, due\u00f1o del Oviedo(no olvidar que es el Presidente del Pachuca, que tiene m\u00e1s antig\u00fcedad\u00a0que el Sporting, 1895 ) lo hizo ponerse en fila y estar hora y media para obtener su carnet lo que hizo que saliese entre\u00a0los aplausos\u00a0del Oviedo, largas filas de sportinguistas buscaban boletos p\u00e0ra ir el domingo a Miranda del Ebro y empezar la temporada.<\/b><\/p>\n<p><b>&#8220;Antes \u00edbamos\u00a0por ir, ahora por la ilusi\u00f3n&#8221; manifestaban los aficionados del Sporting.<\/b><\/p>\n<p><b>Se ha creado un ambiente de ilusi\u00f3n en Asturias, cuya sinergia\u00a0va a ayudar a\u00a0 la Regi\u00f3n, toda.<\/b><\/p>\n<!-- AddThis Advanced Settings generic via filter on the_content --><!-- AddThis Share Buttons generic via filter on the_content -->","protected":false},"excerpt":{"rendered":"<p>Mientras el car\u00e1cter\u00a0popular de Jes\u00fas Mart\u00ednez, due\u00f1o del Oviedo(no olvidar que es el Presidente del Pachuca, que tiene m\u00e1s antig\u00fcedad\u00a0que el Sporting, 1895 ) lo hizo ponerse en fila y estar hora y media para obtener su carnet lo que hizo que saliese entre\u00a0los aplausos\u00a0del Oviedo, largas filas de sportinguistas buscaban boletos p\u00e0ra ir el [&hellip;]<!-- AddThis Advanced Settings generic via filter on get_the_excerpt --><!-- AddThis Share Buttons generic via filter on get_the_excerpt --><\/p>\n","protected":false},"author":16,"featured_media":0,"comment_status":"open","ping_status":"closed","sticky":false,"template":"","format":"standard","meta":[],"categories":[1],"tags":[],"_links":{"self":[{"href":"https:\/\/blogs.elcomercio.es\/reflexiones-de-belarmino\/wp-json\/wp\/v2\/posts\/24383"}],"collection":[{"href":"https:\/\/blogs.elcomercio.es\/reflexiones-de-belarmino\/wp-json\/wp\/v2\/posts"}],"about":[{"href":"https:\/\/blogs.elcomercio.es\/reflexiones-de-belarmino\/wp-json\/wp\/v2\/types\/post"}],"author":[{"embeddable":true,"href":"https:\/\/blogs.elcomercio.es\/reflexiones-de-belarmino\/wp-json\/wp\/v2\/users\/16"}],"replies":[{"embeddable":true,"href":"https:\/\/blogs.elcomercio.es\/reflexiones-de-belarmino\/wp-json\/wp\/v2\/comments?post=24383"}],"version-history":[{"count":1,"href":"https:\/\/blogs.elcomercio.es\/reflexiones-de-belarmino\/wp-json\/wp\/v2\/posts\/24383\/revisions"}],"predecessor-version":[{"id":24384,"href":"https:\/\/blogs.elcomercio.es\/reflexiones-de-belarmino\/wp-json\/wp\/v2\/posts\/24383\/revisions\/24384"}],"wp:attachment":[{"href":"https:\/\/blogs.elcomercio.es\/reflexiones-de-belarmino\/wp-json\/wp\/v2\/media?parent=24383"}],"wp:term":[{"taxonomy":"category","embeddable":true,"href":"https:\/\/blogs.elcomercio.es\/reflexiones-de-belarmino\/wp-json\/wp\/v2\/categories?post=24383"},{"taxonomy":"post_tag","embeddable":true,"href":"https:\/\/blogs.elcomercio.es\/reflexiones-de-belarmino\/wp-json\/wp\/v2\/tags?post=24383"}],"curies":[{"name":"wp","href":"https:\/\/api.w.org\/{rel}","templated":true}]}}