{"id":24385,"date":"2022-08-10T09:24:12","date_gmt":"2022-08-10T07:24:12","guid":{"rendered":"https:\/\/blogs.elcomercio.es\/reflexiones-de-belarmino\/?p=24385"},"modified":"2022-08-10T09:24:12","modified_gmt":"2022-08-10T07:24:12","slug":"importante-triunfo-los-autos-electricos-de-ee-uu-se-ensamblaran-tambien-en-mexico-y-canada","status":"publish","type":"post","link":"https:\/\/blogs.elcomercio.es\/reflexiones-de-belarmino\/2022\/08\/10\/importante-triunfo-los-autos-electricos-de-ee-uu-se-ensamblaran-tambien-en-mexico-y-canada\/","title":{"rendered":"\u00a1\u00a1\u00a1\u00a1\u00a1IMPORTANTE TRIUNFO. LOS AUTOS EL\u00c9CTRICOS DE EE.UU, SE ENSAMBLAR\u00c1N TAMBI\u00c9N EN MEXICO Y CANAD\u00c1 !!!"},"content":{"rendered":"<p><strong>En la gran ofensiva de construcciones de autos\u00a0<\/strong><b>el\u00e9ctricos en los Estados Unidos que se iban a ensamblar en el propio pa\u00eds, ante la protesta de\u00a0M\u00e9xico, se crear\u00e1n\u00a0en\u00a0NORTEAM\u00c9RICA, o sea en toda la regi\u00f3n, con M\u00e9xico y Canad\u00e1.Se logr\u00f3 a trav\u00e9s del T MEC.<\/b><\/p>\n<!-- AddThis Advanced Settings generic via filter on the_content --><!-- AddThis Share Buttons generic via filter on the_content -->","protected":false},"excerpt":{"rendered":"<p>En la gran ofensiva de construcciones de autos\u00a0el\u00e9ctricos en los Estados Unidos que se iban a ensamblar en el propio pa\u00eds, ante la protesta de\u00a0M\u00e9xico, se crear\u00e1n\u00a0en\u00a0NORTEAM\u00c9RICA, o sea en toda la regi\u00f3n, con M\u00e9xico y Canad\u00e1.Se logr\u00f3 a trav\u00e9s del T MEC.<!-- AddThis Advanced Settings generic via filter on get_the_excerpt --><!-- AddThis Share Buttons generic via filter on get_the_excerpt --><\/p>\n","protected":false},"author":16,"featured_media":0,"comment_status":"open","ping_status":"closed","sticky":false,"template":"","format":"standard","meta":[],"categories":[1],"tags":[],"_links":{"self":[{"href":"https:\/\/blogs.elcomercio.es\/reflexiones-de-belarmino\/wp-json\/wp\/v2\/posts\/24385"}],"collection":[{"href":"https:\/\/blogs.elcomercio.es\/reflexiones-de-belarmino\/wp-json\/wp\/v2\/posts"}],"about":[{"href":"https:\/\/blogs.elcomercio.es\/reflexiones-de-belarmino\/wp-json\/wp\/v2\/types\/post"}],"author":[{"embeddable":true,"href":"https:\/\/blogs.elcomercio.es\/reflexiones-de-belarmino\/wp-json\/wp\/v2\/users\/16"}],"replies":[{"embeddable":true,"href":"https:\/\/blogs.elcomercio.es\/reflexiones-de-belarmino\/wp-json\/wp\/v2\/comments?post=24385"}],"version-history":[{"count":1,"href":"https:\/\/blogs.elcomercio.es\/reflexiones-de-belarmino\/wp-json\/wp\/v2\/posts\/24385\/revisions"}],"predecessor-version":[{"id":24386,"href":"https:\/\/blogs.elcomercio.es\/reflexiones-de-belarmino\/wp-json\/wp\/v2\/posts\/24385\/revisions\/24386"}],"wp:attachment":[{"href":"https:\/\/blogs.elcomercio.es\/reflexiones-de-belarmino\/wp-json\/wp\/v2\/media?parent=24385"}],"wp:term":[{"taxonomy":"category","embeddable":true,"href":"https:\/\/blogs.elcomercio.es\/reflexiones-de-belarmino\/wp-json\/wp\/v2\/categories?post=24385"},{"taxonomy":"post_tag","embeddable":true,"href":"https:\/\/blogs.elcomercio.es\/reflexiones-de-belarmino\/wp-json\/wp\/v2\/tags?post=24385"}],"curies":[{"name":"wp","href":"https:\/\/api.w.org\/{rel}","templated":true}]}}