{"id":24411,"date":"2022-08-11T09:12:24","date_gmt":"2022-08-11T07:12:24","guid":{"rendered":"https:\/\/blogs.elcomercio.es\/reflexiones-de-belarmino\/?p=24411"},"modified":"2022-08-11T09:12:24","modified_gmt":"2022-08-11T07:12:24","slug":"europa-protesta-porque-estados-unidos-se-adelante-masivamente-en-los-coche-electricos","status":"publish","type":"post","link":"https:\/\/blogs.elcomercio.es\/reflexiones-de-belarmino\/2022\/08\/11\/europa-protesta-porque-estados-unidos-se-adelante-masivamente-en-los-coche-electricos\/","title":{"rendered":"\u00a1\u00a1\u00a1\u00a1EUROPA PROTESTA PORQUE ESTADOS UNIDOS SE ADELANTE MASIVAMENTE EN LOS COCHE EL\u00c9CTRICOS !!"},"content":{"rendered":"<p><b>Ayer informamos\u00a0de los 52,000 millones de d\u00f3lares autorizados para que Biden empiece a construir coches el\u00e9ctricos, que se ensamblar\u00e1n en Estados Unidos, M\u00e9xico y Canad\u00e1.La Uni\u00f3n Europea present\u00f3 una queja formal por que es un golpe para el desarrollo de los autos\u00a0el\u00e9ctricos\u00a0en Europa.<\/b><\/p>\n<p><strong>China y Estados Unidos se ponen a la cabeza del inminente auto\u00a0<\/strong><b>el\u00e9ctrico uno de los grandes apoyos a la lucha contra el Cambio Clim\u00e1tico.<\/b><\/p>\n<!-- AddThis Advanced Settings generic via filter on the_content --><!-- AddThis Share Buttons generic via filter on the_content -->","protected":false},"excerpt":{"rendered":"<p>Ayer informamos\u00a0de los 52,000 millones de d\u00f3lares autorizados para que Biden empiece a construir coches el\u00e9ctricos, que se ensamblar\u00e1n en Estados Unidos, M\u00e9xico y Canad\u00e1.La Uni\u00f3n Europea present\u00f3 una queja formal por que es un golpe para el desarrollo de los autos\u00a0el\u00e9ctricos\u00a0en Europa. China y Estados Unidos se ponen a la cabeza del inminente auto\u00a0el\u00e9ctrico [&hellip;]<!-- AddThis Advanced Settings generic via filter on get_the_excerpt --><!-- AddThis Share Buttons generic via filter on get_the_excerpt --><\/p>\n","protected":false},"author":16,"featured_media":0,"comment_status":"open","ping_status":"closed","sticky":false,"template":"","format":"standard","meta":[],"categories":[1],"tags":[],"_links":{"self":[{"href":"https:\/\/blogs.elcomercio.es\/reflexiones-de-belarmino\/wp-json\/wp\/v2\/posts\/24411"}],"collection":[{"href":"https:\/\/blogs.elcomercio.es\/reflexiones-de-belarmino\/wp-json\/wp\/v2\/posts"}],"about":[{"href":"https:\/\/blogs.elcomercio.es\/reflexiones-de-belarmino\/wp-json\/wp\/v2\/types\/post"}],"author":[{"embeddable":true,"href":"https:\/\/blogs.elcomercio.es\/reflexiones-de-belarmino\/wp-json\/wp\/v2\/users\/16"}],"replies":[{"embeddable":true,"href":"https:\/\/blogs.elcomercio.es\/reflexiones-de-belarmino\/wp-json\/wp\/v2\/comments?post=24411"}],"version-history":[{"count":2,"href":"https:\/\/blogs.elcomercio.es\/reflexiones-de-belarmino\/wp-json\/wp\/v2\/posts\/24411\/revisions"}],"predecessor-version":[{"id":24413,"href":"https:\/\/blogs.elcomercio.es\/reflexiones-de-belarmino\/wp-json\/wp\/v2\/posts\/24411\/revisions\/24413"}],"wp:attachment":[{"href":"https:\/\/blogs.elcomercio.es\/reflexiones-de-belarmino\/wp-json\/wp\/v2\/media?parent=24411"}],"wp:term":[{"taxonomy":"category","embeddable":true,"href":"https:\/\/blogs.elcomercio.es\/reflexiones-de-belarmino\/wp-json\/wp\/v2\/categories?post=24411"},{"taxonomy":"post_tag","embeddable":true,"href":"https:\/\/blogs.elcomercio.es\/reflexiones-de-belarmino\/wp-json\/wp\/v2\/tags?post=24411"}],"curies":[{"name":"wp","href":"https:\/\/api.w.org\/{rel}","templated":true}]}}