{"id":24414,"date":"2022-08-11T09:23:51","date_gmt":"2022-08-11T07:23:51","guid":{"rendered":"https:\/\/blogs.elcomercio.es\/reflexiones-de-belarmino\/?p=24414"},"modified":"2022-08-11T09:23:51","modified_gmt":"2022-08-11T07:23:51","slug":"cae-el-cerebro-armado-del-cartel-jalisco-nuevas-generacionesduros-enfrentamientos","status":"publish","type":"post","link":"https:\/\/blogs.elcomercio.es\/reflexiones-de-belarmino\/2022\/08\/11\/cae-el-cerebro-armado-del-cartel-jalisco-nuevas-generacionesduros-enfrentamientos\/","title":{"rendered":"\u00a1\u00a1\u00a1CAE EL CEREBRO ARMADO DEL C\u00c1RTEL JALISCO NUEVAS GENERACIONES,DUROS ENFRENTAMIENTOS !!!"},"content":{"rendered":"<p><b>Anteayer Guadalajara\u00a0\u00a0y Guanajuato se\u00a0vieron envueltos en quema de llantas, asaltos al peque\u00f1o\u00a0comercio, que llegaron a los Estados Unidos a alertar a sus ciudadanos.<\/b><\/p>\n<p><b>\u00bf Qu\u00e9\u00a0sucedi\u00f3?. El ej\u00e9rcito\u00a0mexicano irrumpi\u00f3 en una reuni\u00f3n donde estaban\u00a0los l\u00edderes\u00a0de varios Carteles, entre ellos el mayor de M\u00e9xico, creado por Pe\u00f1a Nieto,el Jalisco Nuevas Generaciones.<\/b><\/p>\n<p><b>Estos ,sorprendidos, lanzaron a sus c\u00e9lulas\u00a0las calles creando un ambiente de inestabilidad en las dos poblaciones, lo que termin\u00f3 en 24 horas, con la detenci\u00f3n del cerebro armado(no.2 del Cartel) &#8220;el Doble R&#8221;<\/b> <strong>del<\/strong><b> m\u00e1s poderoso c\u00e1rtel hoy en M\u00e9xico. Ayer fueron detenidos 25 personas m\u00e1s.<\/b><\/p>\n<p><b>Duro golpe, pero El Pa\u00eds, al servicio de las grandes trasnacionales\u00a0espa\u00f1olas, publican hoy: &#8220;tan grave es el problema del narco en M\u00e9xico que EE:UU. alerta a sus ciudadanos &#8220;, sin explicar lo que\u00a0hab\u00eda pasado que ayer en su Ma\u00f1anera el presidente lo hab\u00eda explicado con lujo de detalles.<\/b><\/p>\n<p>&nbsp;<\/p>\n<p>&nbsp;<\/p>\n<p>&nbsp;<\/p>\n<!-- AddThis Advanced Settings generic via filter on the_content --><!-- AddThis Share Buttons generic via filter on the_content -->","protected":false},"excerpt":{"rendered":"<p>Anteayer Guadalajara\u00a0\u00a0y Guanajuato se\u00a0vieron envueltos en quema de llantas, asaltos al peque\u00f1o\u00a0comercio, que llegaron a los Estados Unidos a alertar a sus ciudadanos. \u00bf Qu\u00e9\u00a0sucedi\u00f3?. El ej\u00e9rcito\u00a0mexicano irrumpi\u00f3 en una reuni\u00f3n donde estaban\u00a0los l\u00edderes\u00a0de varios Carteles, entre ellos el mayor de M\u00e9xico, creado por Pe\u00f1a Nieto,el Jalisco Nuevas Generaciones. Estos ,sorprendidos, lanzaron a sus c\u00e9lulas\u00a0las [&hellip;]<!-- AddThis Advanced Settings generic via filter on get_the_excerpt --><!-- AddThis Share Buttons generic via filter on get_the_excerpt --><\/p>\n","protected":false},"author":16,"featured_media":0,"comment_status":"open","ping_status":"closed","sticky":false,"template":"","format":"standard","meta":[],"categories":[1],"tags":[],"_links":{"self":[{"href":"https:\/\/blogs.elcomercio.es\/reflexiones-de-belarmino\/wp-json\/wp\/v2\/posts\/24414"}],"collection":[{"href":"https:\/\/blogs.elcomercio.es\/reflexiones-de-belarmino\/wp-json\/wp\/v2\/posts"}],"about":[{"href":"https:\/\/blogs.elcomercio.es\/reflexiones-de-belarmino\/wp-json\/wp\/v2\/types\/post"}],"author":[{"embeddable":true,"href":"https:\/\/blogs.elcomercio.es\/reflexiones-de-belarmino\/wp-json\/wp\/v2\/users\/16"}],"replies":[{"embeddable":true,"href":"https:\/\/blogs.elcomercio.es\/reflexiones-de-belarmino\/wp-json\/wp\/v2\/comments?post=24414"}],"version-history":[{"count":1,"href":"https:\/\/blogs.elcomercio.es\/reflexiones-de-belarmino\/wp-json\/wp\/v2\/posts\/24414\/revisions"}],"predecessor-version":[{"id":24415,"href":"https:\/\/blogs.elcomercio.es\/reflexiones-de-belarmino\/wp-json\/wp\/v2\/posts\/24414\/revisions\/24415"}],"wp:attachment":[{"href":"https:\/\/blogs.elcomercio.es\/reflexiones-de-belarmino\/wp-json\/wp\/v2\/media?parent=24414"}],"wp:term":[{"taxonomy":"category","embeddable":true,"href":"https:\/\/blogs.elcomercio.es\/reflexiones-de-belarmino\/wp-json\/wp\/v2\/categories?post=24414"},{"taxonomy":"post_tag","embeddable":true,"href":"https:\/\/blogs.elcomercio.es\/reflexiones-de-belarmino\/wp-json\/wp\/v2\/tags?post=24414"}],"curies":[{"name":"wp","href":"https:\/\/api.w.org\/{rel}","templated":true}]}}