{"id":24416,"date":"2022-08-11T09:30:28","date_gmt":"2022-08-11T07:30:28","guid":{"rendered":"https:\/\/blogs.elcomercio.es\/reflexiones-de-belarmino\/?p=24416"},"modified":"2022-08-11T09:30:28","modified_gmt":"2022-08-11T07:30:28","slug":"estados-unidos-baja-la-inflacion-de-10-5-a-8-2-por-debajo-de-la-ue","status":"publish","type":"post","link":"https:\/\/blogs.elcomercio.es\/reflexiones-de-belarmino\/2022\/08\/11\/estados-unidos-baja-la-inflacion-de-10-5-a-8-2-por-debajo-de-la-ue\/","title":{"rendered":"\u00a1\u00a1\u00a1\u00a1ESTADOS UNIDOS BAJA  LA INFLACI\u00d3N DE 10.5% A 8.2 % , POR DEBAJO DE LA UE !!"},"content":{"rendered":"<p><strong>Las medidas en los Estados Unidos contra la inflaci\u00f3n est\u00e1n dando resultados. Ayer baj\u00f3 de 10.5 % a 8.2% por debajo de la Uni\u00f3n Europea 8,6 %, pero todav\u00eda encima del 4 % de China.<\/strong><\/p>\n<!-- AddThis Advanced Settings generic via filter on the_content --><!-- AddThis Share Buttons generic via filter on the_content -->","protected":false},"excerpt":{"rendered":"<p>Las medidas en los Estados Unidos contra la inflaci\u00f3n est\u00e1n dando resultados. Ayer baj\u00f3 de 10.5 % a 8.2% por debajo de la Uni\u00f3n Europea 8,6 %, pero todav\u00eda encima del 4 % de China.<!-- AddThis Advanced Settings generic via filter on get_the_excerpt --><!-- AddThis Share Buttons generic via filter on get_the_excerpt --><\/p>\n","protected":false},"author":16,"featured_media":0,"comment_status":"open","ping_status":"closed","sticky":false,"template":"","format":"standard","meta":[],"categories":[1],"tags":[],"_links":{"self":[{"href":"https:\/\/blogs.elcomercio.es\/reflexiones-de-belarmino\/wp-json\/wp\/v2\/posts\/24416"}],"collection":[{"href":"https:\/\/blogs.elcomercio.es\/reflexiones-de-belarmino\/wp-json\/wp\/v2\/posts"}],"about":[{"href":"https:\/\/blogs.elcomercio.es\/reflexiones-de-belarmino\/wp-json\/wp\/v2\/types\/post"}],"author":[{"embeddable":true,"href":"https:\/\/blogs.elcomercio.es\/reflexiones-de-belarmino\/wp-json\/wp\/v2\/users\/16"}],"replies":[{"embeddable":true,"href":"https:\/\/blogs.elcomercio.es\/reflexiones-de-belarmino\/wp-json\/wp\/v2\/comments?post=24416"}],"version-history":[{"count":2,"href":"https:\/\/blogs.elcomercio.es\/reflexiones-de-belarmino\/wp-json\/wp\/v2\/posts\/24416\/revisions"}],"predecessor-version":[{"id":24418,"href":"https:\/\/blogs.elcomercio.es\/reflexiones-de-belarmino\/wp-json\/wp\/v2\/posts\/24416\/revisions\/24418"}],"wp:attachment":[{"href":"https:\/\/blogs.elcomercio.es\/reflexiones-de-belarmino\/wp-json\/wp\/v2\/media?parent=24416"}],"wp:term":[{"taxonomy":"category","embeddable":true,"href":"https:\/\/blogs.elcomercio.es\/reflexiones-de-belarmino\/wp-json\/wp\/v2\/categories?post=24416"},{"taxonomy":"post_tag","embeddable":true,"href":"https:\/\/blogs.elcomercio.es\/reflexiones-de-belarmino\/wp-json\/wp\/v2\/tags?post=24416"}],"curies":[{"name":"wp","href":"https:\/\/api.w.org\/{rel}","templated":true}]}}