{"id":24419,"date":"2022-08-11T09:33:40","date_gmt":"2022-08-11T07:33:40","guid":{"rendered":"https:\/\/blogs.elcomercio.es\/reflexiones-de-belarmino\/?p=24419"},"modified":"2022-08-11T09:33:40","modified_gmt":"2022-08-11T07:33:40","slug":"el-pueblo-espanol-da-una-leccion-de-disciplina-y-respeto-ante-las-medidas-de-ahorro-energetico","status":"publish","type":"post","link":"https:\/\/blogs.elcomercio.es\/reflexiones-de-belarmino\/2022\/08\/11\/el-pueblo-espanol-da-una-leccion-de-disciplina-y-respeto-ante-las-medidas-de-ahorro-energetico\/","title":{"rendered":"\u00a1\u00a1\u00a1\u00a1 EL PUEBLO ESPA\u00d1OL DA UNA LECCI\u00d3N DE DISCIPLINA Y RESPETO ANTE LAS MEDIDAS DE AHORRO ENERG\u00c9TICO !!!"},"content":{"rendered":"<p><b>Ayer en todo el pa\u00eds el pueblo espa\u00f1ol mostr\u00f3\u00a0su disciplina ay entendimiento\u00a0del programa de ahorro energ\u00e9tico<\/b><\/p>\n<!-- AddThis Advanced Settings generic via filter on the_content --><!-- AddThis Share Buttons generic via filter on the_content -->","protected":false},"excerpt":{"rendered":"<p>Ayer en todo el pa\u00eds el pueblo espa\u00f1ol mostr\u00f3\u00a0su disciplina ay entendimiento\u00a0del programa de ahorro energ\u00e9tico<!-- AddThis Advanced Settings generic via filter on get_the_excerpt --><!-- AddThis Share Buttons generic via filter on get_the_excerpt --><\/p>\n","protected":false},"author":16,"featured_media":0,"comment_status":"open","ping_status":"closed","sticky":false,"template":"","format":"standard","meta":[],"categories":[1],"tags":[],"_links":{"self":[{"href":"https:\/\/blogs.elcomercio.es\/reflexiones-de-belarmino\/wp-json\/wp\/v2\/posts\/24419"}],"collection":[{"href":"https:\/\/blogs.elcomercio.es\/reflexiones-de-belarmino\/wp-json\/wp\/v2\/posts"}],"about":[{"href":"https:\/\/blogs.elcomercio.es\/reflexiones-de-belarmino\/wp-json\/wp\/v2\/types\/post"}],"author":[{"embeddable":true,"href":"https:\/\/blogs.elcomercio.es\/reflexiones-de-belarmino\/wp-json\/wp\/v2\/users\/16"}],"replies":[{"embeddable":true,"href":"https:\/\/blogs.elcomercio.es\/reflexiones-de-belarmino\/wp-json\/wp\/v2\/comments?post=24419"}],"version-history":[{"count":1,"href":"https:\/\/blogs.elcomercio.es\/reflexiones-de-belarmino\/wp-json\/wp\/v2\/posts\/24419\/revisions"}],"predecessor-version":[{"id":24420,"href":"https:\/\/blogs.elcomercio.es\/reflexiones-de-belarmino\/wp-json\/wp\/v2\/posts\/24419\/revisions\/24420"}],"wp:attachment":[{"href":"https:\/\/blogs.elcomercio.es\/reflexiones-de-belarmino\/wp-json\/wp\/v2\/media?parent=24419"}],"wp:term":[{"taxonomy":"category","embeddable":true,"href":"https:\/\/blogs.elcomercio.es\/reflexiones-de-belarmino\/wp-json\/wp\/v2\/categories?post=24419"},{"taxonomy":"post_tag","embeddable":true,"href":"https:\/\/blogs.elcomercio.es\/reflexiones-de-belarmino\/wp-json\/wp\/v2\/tags?post=24419"}],"curies":[{"name":"wp","href":"https:\/\/api.w.org\/{rel}","templated":true}]}}