{"id":24447,"date":"2022-08-12T09:05:43","date_gmt":"2022-08-12T07:05:43","guid":{"rendered":"https:\/\/blogs.elcomercio.es\/reflexiones-de-belarmino\/?p=24447"},"modified":"2022-08-12T09:05:43","modified_gmt":"2022-08-12T07:05:43","slug":"documentos-sobre-armas-nucleares-se-buscaban-en-casa-de-trump-washington-post","status":"publish","type":"post","link":"https:\/\/blogs.elcomercio.es\/reflexiones-de-belarmino\/2022\/08\/12\/documentos-sobre-armas-nucleares-se-buscaban-en-casa-de-trump-washington-post\/","title":{"rendered":"\u00a1\u00a1\u00a1\u00a1\u00a1\u00a1&#8221; DOCUMENTOS SOBRE ARMAS NUCLEARES SE BUSCABAN EN CASA DE TRUMP&#8221;. WASHINGTON POST !!!"},"content":{"rendered":"<p><b>Esta madrugada The Washington\u00a0Post publica que Trump fue avisado desde primavera de que regresar\u00e1\u00a0los documentos\u00a0secretos que se hab\u00eda\u00a0llevado a su casa y que ante la no acci\u00f3n del ex presidente, el Fiscal General de la Naci\u00f3n, habi\u00e9ndose\u00a0avisado al mismo, intervino su domicilio\u00a0en mar a Lago, en BUSCA DE\u00a0DOCUMENTOS SOBRE ARMAS NUCLEARES..<\/b><\/p>\n<p><b>Ayer, ante la conmoci\u00f3n en los Estados Unidos, el fiscal General de la Naci\u00f3n, habl\u00f3: &#8221; Yo, d\u00ed la orden&#8221;.Trump fue avisado antes del cateo,\u00a0 mientras el expresidente trataba de revertir\u00a0el\u00a0asunto como una gran persecuci\u00f3n por los &#8220;extremistas radicales, se conoci\u00f3 que se detuvo a un hombre armado que se present\u00f3 en las oficinas del FBI, confirmando las amenazas que hab\u00edan\u00a0recibido otros\u00a0agentes del FBI.<\/b><\/p>\n<p><strong>La gran preocupaci\u00f3n de TRump es que tenga un &#8220;topo&#8221; infiltrado entre sus gentes que de la informaci\u00f3n.<\/strong><\/p>\n<p><b>En Estados Unidos hay una lucha frontal entre\u00a0el Sistema y el hombre que quiere\u00a0acabar con \u00e9l.<\/b><\/p>\n<p><b>El pa\u00eds,conmocionado, est\u00e1 en espera de saber que documentos se encontraron en las\u00a012 cajas\u00a0extra\u00eddas de su residencia.<\/b><\/p>\n<!-- AddThis Advanced Settings generic via filter on the_content --><!-- AddThis Share Buttons generic via filter on the_content -->","protected":false},"excerpt":{"rendered":"<p>Esta madrugada The Washington\u00a0Post publica que Trump fue avisado desde primavera de que regresar\u00e1\u00a0los documentos\u00a0secretos que se hab\u00eda\u00a0llevado a su casa y que ante la no acci\u00f3n del ex presidente, el Fiscal General de la Naci\u00f3n, habi\u00e9ndose\u00a0avisado al mismo, intervino su domicilio\u00a0en mar a Lago, en BUSCA DE\u00a0DOCUMENTOS SOBRE ARMAS NUCLEARES.. Ayer, ante la conmoci\u00f3n [&hellip;]<!-- AddThis Advanced Settings generic via filter on get_the_excerpt --><!-- AddThis Share Buttons generic via filter on get_the_excerpt --><\/p>\n","protected":false},"author":16,"featured_media":0,"comment_status":"open","ping_status":"closed","sticky":false,"template":"","format":"standard","meta":[],"categories":[1],"tags":[],"_links":{"self":[{"href":"https:\/\/blogs.elcomercio.es\/reflexiones-de-belarmino\/wp-json\/wp\/v2\/posts\/24447"}],"collection":[{"href":"https:\/\/blogs.elcomercio.es\/reflexiones-de-belarmino\/wp-json\/wp\/v2\/posts"}],"about":[{"href":"https:\/\/blogs.elcomercio.es\/reflexiones-de-belarmino\/wp-json\/wp\/v2\/types\/post"}],"author":[{"embeddable":true,"href":"https:\/\/blogs.elcomercio.es\/reflexiones-de-belarmino\/wp-json\/wp\/v2\/users\/16"}],"replies":[{"embeddable":true,"href":"https:\/\/blogs.elcomercio.es\/reflexiones-de-belarmino\/wp-json\/wp\/v2\/comments?post=24447"}],"version-history":[{"count":2,"href":"https:\/\/blogs.elcomercio.es\/reflexiones-de-belarmino\/wp-json\/wp\/v2\/posts\/24447\/revisions"}],"predecessor-version":[{"id":24449,"href":"https:\/\/blogs.elcomercio.es\/reflexiones-de-belarmino\/wp-json\/wp\/v2\/posts\/24447\/revisions\/24449"}],"wp:attachment":[{"href":"https:\/\/blogs.elcomercio.es\/reflexiones-de-belarmino\/wp-json\/wp\/v2\/media?parent=24447"}],"wp:term":[{"taxonomy":"category","embeddable":true,"href":"https:\/\/blogs.elcomercio.es\/reflexiones-de-belarmino\/wp-json\/wp\/v2\/categories?post=24447"},{"taxonomy":"post_tag","embeddable":true,"href":"https:\/\/blogs.elcomercio.es\/reflexiones-de-belarmino\/wp-json\/wp\/v2\/tags?post=24447"}],"curies":[{"name":"wp","href":"https:\/\/api.w.org\/{rel}","templated":true}]}}