{"id":24465,"date":"2022-08-13T09:18:36","date_gmt":"2022-08-13T07:18:36","guid":{"rendered":"https:\/\/blogs.elcomercio.es\/reflexiones-de-belarmino\/?p=24465"},"modified":"2022-08-13T09:18:36","modified_gmt":"2022-08-13T07:18:36","slug":"presidente-barbon-el-barullu-se-llama-democracia-a-que-el-miedo","status":"publish","type":"post","link":"https:\/\/blogs.elcomercio.es\/reflexiones-de-belarmino\/2022\/08\/13\/presidente-barbon-el-barullu-se-llama-democracia-a-que-el-miedo\/","title":{"rendered":"\u00a1\u00a1\u00a1\u00a1\u00a1PRESIDENTE BARB\u00d3N: EL &#8220;BARULLU&#8221; SE LLAMA DEMOCRACIA. \u00bf A QUE EL MIEDO ?"},"content":{"rendered":"<p><b>Desafortunadas palabras del presidente del Principado que ayer, en su apoyo incondicional a Ana Gonz\u00e1lez\u00a0como candidata a gobernar Gij\u00f3n, solt\u00f3: &#8221; El barullu siempre pasa factura &#8220;.No se\u00f1or Barb\u00f3n, el &#8220;barullu&#8221; es la expresi\u00f3n m\u00e1s clara de la democracia. Cuando hay otras opiniones la democracia lo primero que hace es abrirle los cauces y no como usted ayer quiso cerrarlas.<\/b><\/p>\n<p><b>El Barb\u00f3n, Emilio, el que conoc\u00ed\u00a0luchando contra el franquismo nunca hubiera dicho esto.<\/b><\/p>\n<!-- AddThis Advanced Settings generic via filter on the_content --><!-- AddThis Share Buttons generic via filter on the_content -->","protected":false},"excerpt":{"rendered":"<p>Desafortunadas palabras del presidente del Principado que ayer, en su apoyo incondicional a Ana Gonz\u00e1lez\u00a0como candidata a gobernar Gij\u00f3n, solt\u00f3: &#8221; El barullu siempre pasa factura &#8220;.No se\u00f1or Barb\u00f3n, el &#8220;barullu&#8221; es la expresi\u00f3n m\u00e1s clara de la democracia. Cuando hay otras opiniones la democracia lo primero que hace es abrirle los cauces y no [&hellip;]<!-- AddThis Advanced Settings generic via filter on get_the_excerpt --><!-- AddThis Share Buttons generic via filter on get_the_excerpt --><\/p>\n","protected":false},"author":16,"featured_media":0,"comment_status":"open","ping_status":"closed","sticky":false,"template":"","format":"standard","meta":[],"categories":[1],"tags":[],"_links":{"self":[{"href":"https:\/\/blogs.elcomercio.es\/reflexiones-de-belarmino\/wp-json\/wp\/v2\/posts\/24465"}],"collection":[{"href":"https:\/\/blogs.elcomercio.es\/reflexiones-de-belarmino\/wp-json\/wp\/v2\/posts"}],"about":[{"href":"https:\/\/blogs.elcomercio.es\/reflexiones-de-belarmino\/wp-json\/wp\/v2\/types\/post"}],"author":[{"embeddable":true,"href":"https:\/\/blogs.elcomercio.es\/reflexiones-de-belarmino\/wp-json\/wp\/v2\/users\/16"}],"replies":[{"embeddable":true,"href":"https:\/\/blogs.elcomercio.es\/reflexiones-de-belarmino\/wp-json\/wp\/v2\/comments?post=24465"}],"version-history":[{"count":1,"href":"https:\/\/blogs.elcomercio.es\/reflexiones-de-belarmino\/wp-json\/wp\/v2\/posts\/24465\/revisions"}],"predecessor-version":[{"id":24466,"href":"https:\/\/blogs.elcomercio.es\/reflexiones-de-belarmino\/wp-json\/wp\/v2\/posts\/24465\/revisions\/24466"}],"wp:attachment":[{"href":"https:\/\/blogs.elcomercio.es\/reflexiones-de-belarmino\/wp-json\/wp\/v2\/media?parent=24465"}],"wp:term":[{"taxonomy":"category","embeddable":true,"href":"https:\/\/blogs.elcomercio.es\/reflexiones-de-belarmino\/wp-json\/wp\/v2\/categories?post=24465"},{"taxonomy":"post_tag","embeddable":true,"href":"https:\/\/blogs.elcomercio.es\/reflexiones-de-belarmino\/wp-json\/wp\/v2\/tags?post=24465"}],"curies":[{"name":"wp","href":"https:\/\/api.w.org\/{rel}","templated":true}]}}